{"id":529,"date":"2021-06-15T16:49:11","date_gmt":"2021-06-15T16:49:11","guid":{"rendered":"http:\/\/gator2115.temp.domains\/~obserrio\/?p=529"},"modified":"2021-06-16T20:48:14","modified_gmt":"2021-06-16T20:48:14","slug":"centro-de-educacion-especial-alida-espana-de-arana","status":"publish","type":"post","link":"https:\/\/observatorio.parlacen.int\/en\/centro-de-educacion-especial-alida-espana-de-arana\/","title":{"rendered":"Centro de Educaci\u00f3n Especial \u00abAlida Espa\u00f1a de Arana\u00bb"},"content":{"rendered":"<p>Somos un Centro que atiende a ni\u00f1as, ni\u00f1os y adolescentes con discapacidad intelectual, f\u00edsica, sensorial \u2013 auditiva de 0 a 14 a\u00f1os de edad.<br>Nuestro principal objetivo es facilitar el acceso al aprendizaje y promover el desarrollo de las habilidades individuales y sociales en las ni\u00f1as, ni\u00f1os y adolescentes, optimizando sus potencialidades y capacidades, partiendo de sus propias necesidades a partir de la estimulaci\u00f3n oportuna y significativa.<\/p>\n\n\n\n<ul class=\"wp-block-list\"><li>Programas Psicopedag\u00f3gicos Educaci\u00f3n Inicial.<\/li><li>Programa Pre Escolar.<\/li><li>Programa Escolar.<\/li><li>Programa de Habilitaci\u00f3n Integral.<\/li><li>Programa de Autismo.<\/li><li>Programa de Discapacidad Sensorial y Auditiva.<\/li><li>Programa de Discapacidad M\u00faltiple.<\/li><li>Servicios que presta<\/li><li>Psicopedagog\u00eda.<\/li><li>Terapia de lenguaje.<\/li><li>Atenci\u00f3n psicol\u00f3gica.<\/li><li>Servicios m\u00e9dicos (Pediatr\u00eda y Odontolog\u00eda).<\/li><li>Trabajo Social.<\/li><li>Alimentaci\u00f3n nutritiva y balanceada.<\/li><li>Fisioterapia<\/li><\/ul>\n\n\n\n<h5 class=\"wp-block-heading\">Contacto:<\/h5>\n\n\n\n<p><strong>Trabajo:<\/strong> 14 calle 0-28 zona 3 Guatemala 01003 Guatemala<br><strong>Tel\u00e9fono Trabajo:<\/strong> 2414-3535 Ext. 3705<br><strong>Email Trabajo:<\/strong> direccion.centroalida@sbs.gob.gt<br><strong>P\u00e1gina web:<\/strong><a href=\"https:\/\/www.sbs.gob.gt\/alida-espana-de-arana\/\" target=\"_blank\" rel=\"noreferrer noopener\"><u>https:\/\/www.sbs.gob.gt\/alida-espana-de-arana\/<\/u><\/a><\/p>","protected":false},"excerpt":{"rendered":"<p>Somos un Centro que atiende a ni\u00f1as, ni\u00f1os y adolescentes con discapacidad intelectual, f\u00edsica, sensorial \u2013 auditiva de 0 a 14 a\u00f1os de edad.Nuestro principal objetivo es facilitar el acceso al aprendizaje y promover el desarrollo de las habilidades individuales y sociales en las ni\u00f1as, ni\u00f1os y adolescentes, optimizando sus potencialidades y capacidades, partiendo de [&hellip;]<\/p>\n","protected":false},"author":1,"featured_media":972,"comment_status":"open","ping_status":"open","sticky":false,"template":"","format":"standard","meta":{"nf_dc_page":"","om_disable_all_campaigns":false,"site-sidebar-layout":"default","site-content-layout":"default","ast-site-content-layout":"default","site-content-style":"default","site-sidebar-style":"default","ast-global-header-display":"","ast-banner-title-visibility":"","ast-main-header-display":"","ast-hfb-above-header-display":"","ast-hfb-below-header-display":"","ast-hfb-mobile-header-display":"","site-post-title":"","ast-breadcrumbs-content":"","ast-featured-img":"","footer-sml-layout":"","ast-disable-related-posts":"","theme-transparent-header-meta":"default","adv-header-id-meta":"","stick-header-meta":"","header-above-stick-meta":"","header-main-stick-meta":"","header-below-stick-meta":"","astra-migrate-meta-layouts":"default","ast-page-background-enabled":"default","ast-page-background-meta":{"desktop":{"background-color":"","background-image":"","background-repeat":"repeat","background-position":"center center","background-size":"auto","background-attachment":"scroll","background-type":"","background-media":"","overlay-type":"","overlay-color":"","overlay-opacity":"","overlay-gradient":""},"tablet":{"background-color":"","background-image":"","background-repeat":"repeat","background-position":"center center","background-size":"auto","background-attachment":"scroll","background-type":"","background-media":"","overlay-type":"","overlay-color":"","overlay-opacity":"","overlay-gradient":""},"mobile":{"background-color":"","background-image":"","background-repeat":"repeat","background-position":"center center","background-size":"auto","background-attachment":"scroll","background-type":"","background-media":"","overlay-type":"","overlay-color":"","overlay-opacity":"","overlay-gradient":""}},"ast-content-background-meta":{"desktop":{"background-color":"var(--ast-global-color-5)","background-image":"","background-repeat":"repeat","background-position":"center center","background-size":"auto","background-attachment":"scroll","background-type":"","background-media":"","overlay-type":"","overlay-color":"","overlay-opacity":"","overlay-gradient":""},"tablet":{"background-color":"var(--ast-global-color-5)","background-image":"","background-repeat":"repeat","background-position":"center center","background-size":"auto","background-attachment":"scroll","background-type":"","background-media":"","overlay-type":"","overlay-color":"","overlay-opacity":"","overlay-gradient":""},"mobile":{"background-color":"var(--ast-global-color-5)","background-image":"","background-repeat":"repeat","background-position":"center center","background-size":"auto","background-attachment":"scroll","background-type":"","background-media":"","overlay-type":"","overlay-color":"","overlay-opacity":"","overlay-gradient":""}},"footnotes":""},"categories":[14],"tags":[15],"class_list":["post-529","post","type-post","status-publish","format-standard","has-post-thumbnail","hentry","category-guatemala","tag-guatemala-directorio"],"yoast_head":"<!-- This site is optimized with the Yoast SEO plugin v27.5 - https:\/\/yoast.com\/product\/yoast-seo-wordpress\/ -->\n<title>Centro de Educaci\u00f3n Especial \u00abAlida Espa\u00f1a de Arana\u00bb - Observatorio | Parlacen<\/title>\n<meta name=\"robots\" content=\"index, follow, max-snippet:-1, max-image-preview:large, max-video-preview:-1\" \/>\n<link rel=\"canonical\" href=\"https:\/\/observatorio.parlacen.int\/en\/centro-de-educacion-especial-alida-espana-de-arana\/\" \/>\n<meta property=\"og:locale\" content=\"en_US\" \/>\n<meta property=\"og:type\" content=\"article\" \/>\n<meta property=\"og:title\" content=\"Centro de Educaci\u00f3n Especial \u00abAlida Espa\u00f1a de Arana\u00bb - Observatorio | Parlacen\" \/>\n<meta property=\"og:description\" content=\"Somos un Centro que atiende a ni\u00f1as, ni\u00f1os y adolescentes con discapacidad intelectual, f\u00edsica, sensorial \u2013 auditiva de 0 a 14 a\u00f1os de edad.Nuestro principal objetivo es facilitar el acceso al aprendizaje y promover el desarrollo de las habilidades individuales y sociales en las ni\u00f1as, ni\u00f1os y adolescentes, optimizando sus potencialidades y capacidades, partiendo de [&hellip;]\" \/>\n<meta property=\"og:url\" content=\"https:\/\/observatorio.parlacen.int\/en\/centro-de-educacion-especial-alida-espana-de-arana\/\" \/>\n<meta property=\"og:site_name\" content=\"Observatorio | Parlacen\" \/>\n<meta property=\"article:published_time\" content=\"2021-06-15T16:49:11+00:00\" \/>\n<meta property=\"article:modified_time\" content=\"2021-06-16T20:48:14+00:00\" \/>\n<meta property=\"og:image\" content=\"https:\/\/observatorio.parlacen.int\/wp-content\/uploads\/2021\/06\/Centro-de-Educacion-EspecialAlida-Espana-de-Arana.jpg\" \/>\n\t<meta property=\"og:image:width\" content=\"225\" \/>\n\t<meta property=\"og:image:height\" content=\"150\" \/>\n\t<meta property=\"og:image:type\" content=\"image\/jpeg\" \/>\n<meta name=\"author\" content=\"observatorio\" \/>\n<meta name=\"twitter:card\" content=\"summary_large_image\" \/>\n<meta name=\"twitter:label1\" content=\"Written by\" \/>\n\t<meta name=\"twitter:data1\" content=\"observatorio\" \/>\n\t<meta name=\"twitter:label2\" content=\"Est. reading time\" \/>\n\t<meta name=\"twitter:data2\" content=\"1 minute\" \/>\n<script type=\"application\/ld+json\" class=\"yoast-schema-graph\">{\"@context\":\"https:\\\/\\\/schema.org\",\"@graph\":[{\"@type\":\"Article\",\"@id\":\"https:\\\/\\\/observatorio.parlacen.int\\\/centro-de-educacion-especial-alida-espana-de-arana\\\/#article\",\"isPartOf\":{\"@id\":\"https:\\\/\\\/observatorio.parlacen.int\\\/centro-de-educacion-especial-alida-espana-de-arana\\\/\"},\"author\":{\"name\":\"observatorio\",\"@id\":\"https:\\\/\\\/observatorio.parlacen.int\\\/#\\\/schema\\\/person\\\/3d8aa7321aa97166e2f907b69045b46d\"},\"headline\":\"Centro de Educaci\u00f3n Especial \u00abAlida Espa\u00f1a de Arana\u00bb\",\"datePublished\":\"2021-06-15T16:49:11+00:00\",\"dateModified\":\"2021-06-16T20:48:14+00:00\",\"mainEntityOfPage\":{\"@id\":\"https:\\\/\\\/observatorio.parlacen.int\\\/centro-de-educacion-especial-alida-espana-de-arana\\\/\"},\"wordCount\":167,\"commentCount\":0,\"publisher\":{\"@id\":\"https:\\\/\\\/observatorio.parlacen.int\\\/#organization\"},\"image\":{\"@id\":\"https:\\\/\\\/observatorio.parlacen.int\\\/centro-de-educacion-especial-alida-espana-de-arana\\\/#primaryimage\"},\"thumbnailUrl\":\"https:\\\/\\\/observatorio.parlacen.int\\\/wp-content\\\/uploads\\\/2021\\\/06\\\/Centro-de-Educacion-EspecialAlida-Espana-de-Arana.jpg\",\"keywords\":[\"Guatemala Directorio\"],\"articleSection\":[\"Guatemala\"],\"inLanguage\":\"en-US\",\"potentialAction\":[{\"@type\":\"CommentAction\",\"name\":\"Comment\",\"target\":[\"https:\\\/\\\/observatorio.parlacen.int\\\/centro-de-educacion-especial-alida-espana-de-arana\\\/#respond\"]}]},{\"@type\":\"WebPage\",\"@id\":\"https:\\\/\\\/observatorio.parlacen.int\\\/centro-de-educacion-especial-alida-espana-de-arana\\\/\",\"url\":\"https:\\\/\\\/observatorio.parlacen.int\\\/centro-de-educacion-especial-alida-espana-de-arana\\\/\",\"name\":\"Centro de Educaci\u00f3n Especial \u00abAlida Espa\u00f1a de Arana\u00bb - Observatorio | Parlacen\",\"isPartOf\":{\"@id\":\"https:\\\/\\\/observatorio.parlacen.int\\\/#website\"},\"primaryImageOfPage\":{\"@id\":\"https:\\\/\\\/observatorio.parlacen.int\\\/centro-de-educacion-especial-alida-espana-de-arana\\\/#primaryimage\"},\"image\":{\"@id\":\"https:\\\/\\\/observatorio.parlacen.int\\\/centro-de-educacion-especial-alida-espana-de-arana\\\/#primaryimage\"},\"thumbnailUrl\":\"https:\\\/\\\/observatorio.parlacen.int\\\/wp-content\\\/uploads\\\/2021\\\/06\\\/Centro-de-Educacion-EspecialAlida-Espana-de-Arana.jpg\",\"datePublished\":\"2021-06-15T16:49:11+00:00\",\"dateModified\":\"2021-06-16T20:48:14+00:00\",\"breadcrumb\":{\"@id\":\"https:\\\/\\\/observatorio.parlacen.int\\\/centro-de-educacion-especial-alida-espana-de-arana\\\/#breadcrumb\"},\"inLanguage\":\"en-US\",\"potentialAction\":[{\"@type\":\"ReadAction\",\"target\":[\"https:\\\/\\\/observatorio.parlacen.int\\\/centro-de-educacion-especial-alida-espana-de-arana\\\/\"]}]},{\"@type\":\"ImageObject\",\"inLanguage\":\"en-US\",\"@id\":\"https:\\\/\\\/observatorio.parlacen.int\\\/centro-de-educacion-especial-alida-espana-de-arana\\\/#primaryimage\",\"url\":\"https:\\\/\\\/observatorio.parlacen.int\\\/wp-content\\\/uploads\\\/2021\\\/06\\\/Centro-de-Educacion-EspecialAlida-Espana-de-Arana.jpg\",\"contentUrl\":\"https:\\\/\\\/observatorio.parlacen.int\\\/wp-content\\\/uploads\\\/2021\\\/06\\\/Centro-de-Educacion-EspecialAlida-Espana-de-Arana.jpg\",\"width\":225,\"height\":150},{\"@type\":\"BreadcrumbList\",\"@id\":\"https:\\\/\\\/observatorio.parlacen.int\\\/centro-de-educacion-especial-alida-espana-de-arana\\\/#breadcrumb\",\"itemListElement\":[{\"@type\":\"ListItem\",\"position\":1,\"name\":\"Inicio\",\"item\":\"https:\\\/\\\/observatorio.parlacen.int\\\/\"},{\"@type\":\"ListItem\",\"position\":2,\"name\":\"Centro de Educaci\u00f3n Especial \u00abAlida Espa\u00f1a de Arana\u00bb\"}]},{\"@type\":\"WebSite\",\"@id\":\"https:\\\/\\\/observatorio.parlacen.int\\\/#website\",\"url\":\"https:\\\/\\\/observatorio.parlacen.int\\\/\",\"name\":\"Observatorio | Parlacen\",\"description\":\"Observatorio Parlacen\",\"publisher\":{\"@id\":\"https:\\\/\\\/observatorio.parlacen.int\\\/#organization\"},\"potentialAction\":[{\"@type\":\"SearchAction\",\"target\":{\"@type\":\"EntryPoint\",\"urlTemplate\":\"https:\\\/\\\/observatorio.parlacen.int\\\/?s={search_term_string}\"},\"query-input\":{\"@type\":\"PropertyValueSpecification\",\"valueRequired\":true,\"valueName\":\"search_term_string\"}}],\"inLanguage\":\"en-US\"},{\"@type\":\"Organization\",\"@id\":\"https:\\\/\\\/observatorio.parlacen.int\\\/#organization\",\"name\":\"Observatorio | Parlacen\",\"url\":\"https:\\\/\\\/observatorio.parlacen.int\\\/\",\"logo\":{\"@type\":\"ImageObject\",\"inLanguage\":\"en-US\",\"@id\":\"https:\\\/\\\/observatorio.parlacen.int\\\/#\\\/schema\\\/logo\\\/image\\\/\",\"url\":\"https:\\\/\\\/observatorio.parlacen.int\\\/wp-content\\\/uploads\\\/2022\\\/07\\\/LOGO-OBSERVATORIO.png\",\"contentUrl\":\"https:\\\/\\\/observatorio.parlacen.int\\\/wp-content\\\/uploads\\\/2022\\\/07\\\/LOGO-OBSERVATORIO.png\",\"width\":1027,\"height\":383,\"caption\":\"Observatorio | Parlacen\"},\"image\":{\"@id\":\"https:\\\/\\\/observatorio.parlacen.int\\\/#\\\/schema\\\/logo\\\/image\\\/\"}},{\"@type\":\"Person\",\"@id\":\"https:\\\/\\\/observatorio.parlacen.int\\\/#\\\/schema\\\/person\\\/3d8aa7321aa97166e2f907b69045b46d\",\"name\":\"observatorio\",\"image\":{\"@type\":\"ImageObject\",\"inLanguage\":\"en-US\",\"@id\":\"https:\\\/\\\/secure.gravatar.com\\\/avatar\\\/40f99ddd5ba83545c07af25921ed668945b0b135fb073f45af34e6496907db0e?s=96&d=mm&r=g\",\"url\":\"https:\\\/\\\/secure.gravatar.com\\\/avatar\\\/40f99ddd5ba83545c07af25921ed668945b0b135fb073f45af34e6496907db0e?s=96&d=mm&r=g\",\"contentUrl\":\"https:\\\/\\\/secure.gravatar.com\\\/avatar\\\/40f99ddd5ba83545c07af25921ed668945b0b135fb073f45af34e6496907db0e?s=96&d=mm&r=g\",\"caption\":\"observatorio\"},\"sameAs\":[\"https:\\\/\\\/observatorio.parlacen.int\"],\"url\":\"https:\\\/\\\/observatorio.parlacen.int\\\/en\\\/author\\\/observatorio\\\/\"}]}<\/script>\n<!-- \/ Yoast SEO plugin. -->","yoast_head_json":{"title":"Centro de Educaci\u00f3n Especial \u00abAlida Espa\u00f1a de Arana\u00bb - Observatorio | Parlacen","robots":{"index":"index","follow":"follow","max-snippet":"max-snippet:-1","max-image-preview":"max-image-preview:large","max-video-preview":"max-video-preview:-1"},"canonical":"https:\/\/observatorio.parlacen.int\/en\/centro-de-educacion-especial-alida-espana-de-arana\/","og_locale":"en_US","og_type":"article","og_title":"Centro de Educaci\u00f3n Especial \u00abAlida Espa\u00f1a de Arana\u00bb - Observatorio | Parlacen","og_description":"Somos un Centro que atiende a ni\u00f1as, ni\u00f1os y adolescentes con discapacidad intelectual, f\u00edsica, sensorial \u2013 auditiva de 0 a 14 a\u00f1os de edad.Nuestro principal objetivo es facilitar el acceso al aprendizaje y promover el desarrollo de las habilidades individuales y sociales en las ni\u00f1as, ni\u00f1os y adolescentes, optimizando sus potencialidades y capacidades, partiendo de [&hellip;]","og_url":"https:\/\/observatorio.parlacen.int\/en\/centro-de-educacion-especial-alida-espana-de-arana\/","og_site_name":"Observatorio | Parlacen","article_published_time":"2021-06-15T16:49:11+00:00","article_modified_time":"2021-06-16T20:48:14+00:00","og_image":[{"width":225,"height":150,"url":"https:\/\/observatorio.parlacen.int\/wp-content\/uploads\/2021\/06\/Centro-de-Educacion-EspecialAlida-Espana-de-Arana.jpg","type":"image\/jpeg"}],"author":"observatorio","twitter_card":"summary_large_image","twitter_misc":{"Written by":"observatorio","Est. reading time":"1 minute"},"schema":{"@context":"https:\/\/schema.org","@graph":[{"@type":"Article","@id":"https:\/\/observatorio.parlacen.int\/centro-de-educacion-especial-alida-espana-de-arana\/#article","isPartOf":{"@id":"https:\/\/observatorio.parlacen.int\/centro-de-educacion-especial-alida-espana-de-arana\/"},"author":{"name":"observatorio","@id":"https:\/\/observatorio.parlacen.int\/#\/schema\/person\/3d8aa7321aa97166e2f907b69045b46d"},"headline":"Centro de Educaci\u00f3n Especial \u00abAlida Espa\u00f1a de Arana\u00bb","datePublished":"2021-06-15T16:49:11+00:00","dateModified":"2021-06-16T20:48:14+00:00","mainEntityOfPage":{"@id":"https:\/\/observatorio.parlacen.int\/centro-de-educacion-especial-alida-espana-de-arana\/"},"wordCount":167,"commentCount":0,"publisher":{"@id":"https:\/\/observatorio.parlacen.int\/#organization"},"image":{"@id":"https:\/\/observatorio.parlacen.int\/centro-de-educacion-especial-alida-espana-de-arana\/#primaryimage"},"thumbnailUrl":"https:\/\/observatorio.parlacen.int\/wp-content\/uploads\/2021\/06\/Centro-de-Educacion-EspecialAlida-Espana-de-Arana.jpg","keywords":["Guatemala Directorio"],"articleSection":["Guatemala"],"inLanguage":"en-US","potentialAction":[{"@type":"CommentAction","name":"Comment","target":["https:\/\/observatorio.parlacen.int\/centro-de-educacion-especial-alida-espana-de-arana\/#respond"]}]},{"@type":"WebPage","@id":"https:\/\/observatorio.parlacen.int\/centro-de-educacion-especial-alida-espana-de-arana\/","url":"https:\/\/observatorio.parlacen.int\/centro-de-educacion-especial-alida-espana-de-arana\/","name":"Centro de Educaci\u00f3n Especial \u00abAlida Espa\u00f1a de Arana\u00bb - Observatorio | Parlacen","isPartOf":{"@id":"https:\/\/observatorio.parlacen.int\/#website"},"primaryImageOfPage":{"@id":"https:\/\/observatorio.parlacen.int\/centro-de-educacion-especial-alida-espana-de-arana\/#primaryimage"},"image":{"@id":"https:\/\/observatorio.parlacen.int\/centro-de-educacion-especial-alida-espana-de-arana\/#primaryimage"},"thumbnailUrl":"https:\/\/observatorio.parlacen.int\/wp-content\/uploads\/2021\/06\/Centro-de-Educacion-EspecialAlida-Espana-de-Arana.jpg","datePublished":"2021-06-15T16:49:11+00:00","dateModified":"2021-06-16T20:48:14+00:00","breadcrumb":{"@id":"https:\/\/observatorio.parlacen.int\/centro-de-educacion-especial-alida-espana-de-arana\/#breadcrumb"},"inLanguage":"en-US","potentialAction":[{"@type":"ReadAction","target":["https:\/\/observatorio.parlacen.int\/centro-de-educacion-especial-alida-espana-de-arana\/"]}]},{"@type":"ImageObject","inLanguage":"en-US","@id":"https:\/\/observatorio.parlacen.int\/centro-de-educacion-especial-alida-espana-de-arana\/#primaryimage","url":"https:\/\/observatorio.parlacen.int\/wp-content\/uploads\/2021\/06\/Centro-de-Educacion-EspecialAlida-Espana-de-Arana.jpg","contentUrl":"https:\/\/observatorio.parlacen.int\/wp-content\/uploads\/2021\/06\/Centro-de-Educacion-EspecialAlida-Espana-de-Arana.jpg","width":225,"height":150},{"@type":"BreadcrumbList","@id":"https:\/\/observatorio.parlacen.int\/centro-de-educacion-especial-alida-espana-de-arana\/#breadcrumb","itemListElement":[{"@type":"ListItem","position":1,"name":"Inicio","item":"https:\/\/observatorio.parlacen.int\/"},{"@type":"ListItem","position":2,"name":"Centro de Educaci\u00f3n Especial \u00abAlida Espa\u00f1a de Arana\u00bb"}]},{"@type":"WebSite","@id":"https:\/\/observatorio.parlacen.int\/#website","url":"https:\/\/observatorio.parlacen.int\/","name":"Observatorio | Parlacen","description":"Observatorio Parlacen","publisher":{"@id":"https:\/\/observatorio.parlacen.int\/#organization"},"potentialAction":[{"@type":"SearchAction","target":{"@type":"EntryPoint","urlTemplate":"https:\/\/observatorio.parlacen.int\/?s={search_term_string}"},"query-input":{"@type":"PropertyValueSpecification","valueRequired":true,"valueName":"search_term_string"}}],"inLanguage":"en-US"},{"@type":"Organization","@id":"https:\/\/observatorio.parlacen.int\/#organization","name":"Observatorio | Parlacen","url":"https:\/\/observatorio.parlacen.int\/","logo":{"@type":"ImageObject","inLanguage":"en-US","@id":"https:\/\/observatorio.parlacen.int\/#\/schema\/logo\/image\/","url":"https:\/\/observatorio.parlacen.int\/wp-content\/uploads\/2022\/07\/LOGO-OBSERVATORIO.png","contentUrl":"https:\/\/observatorio.parlacen.int\/wp-content\/uploads\/2022\/07\/LOGO-OBSERVATORIO.png","width":1027,"height":383,"caption":"Observatorio | Parlacen"},"image":{"@id":"https:\/\/observatorio.parlacen.int\/#\/schema\/logo\/image\/"}},{"@type":"Person","@id":"https:\/\/observatorio.parlacen.int\/#\/schema\/person\/3d8aa7321aa97166e2f907b69045b46d","name":"observatorio","image":{"@type":"ImageObject","inLanguage":"en-US","@id":"https:\/\/secure.gravatar.com\/avatar\/40f99ddd5ba83545c07af25921ed668945b0b135fb073f45af34e6496907db0e?s=96&d=mm&r=g","url":"https:\/\/secure.gravatar.com\/avatar\/40f99ddd5ba83545c07af25921ed668945b0b135fb073f45af34e6496907db0e?s=96&d=mm&r=g","contentUrl":"https:\/\/secure.gravatar.com\/avatar\/40f99ddd5ba83545c07af25921ed668945b0b135fb073f45af34e6496907db0e?s=96&d=mm&r=g","caption":"observatorio"},"sameAs":["https:\/\/observatorio.parlacen.int"],"url":"https:\/\/observatorio.parlacen.int\/en\/author\/observatorio\/"}]}},"_links":{"self":[{"href":"https:\/\/observatorio.parlacen.int\/en\/wp-json\/wp\/v2\/posts\/529","targetHints":{"allow":["GET"]}}],"collection":[{"href":"https:\/\/observatorio.parlacen.int\/en\/wp-json\/wp\/v2\/posts"}],"about":[{"href":"https:\/\/observatorio.parlacen.int\/en\/wp-json\/wp\/v2\/types\/post"}],"author":[{"embeddable":true,"href":"https:\/\/observatorio.parlacen.int\/en\/wp-json\/wp\/v2\/users\/1"}],"replies":[{"embeddable":true,"href":"https:\/\/observatorio.parlacen.int\/en\/wp-json\/wp\/v2\/comments?post=529"}],"version-history":[{"count":2,"href":"https:\/\/observatorio.parlacen.int\/en\/wp-json\/wp\/v2\/posts\/529\/revisions"}],"predecessor-version":[{"id":603,"href":"https:\/\/observatorio.parlacen.int\/en\/wp-json\/wp\/v2\/posts\/529\/revisions\/603"}],"wp:featuredmedia":[{"embeddable":true,"href":"https:\/\/observatorio.parlacen.int\/en\/wp-json\/wp\/v2\/media\/972"}],"wp:attachment":[{"href":"https:\/\/observatorio.parlacen.int\/en\/wp-json\/wp\/v2\/media?parent=529"}],"wp:term":[{"taxonomy":"category","embeddable":true,"href":"https:\/\/observatorio.parlacen.int\/en\/wp-json\/wp\/v2\/categories?post=529"},{"taxonomy":"post_tag","embeddable":true,"href":"https:\/\/observatorio.parlacen.int\/en\/wp-json\/wp\/v2\/tags?post=529"}],"curies":[{"name":"wp","href":"https:\/\/api.w.org\/{rel}","templated":true}]}}