{"id":525,"date":"2021-06-15T16:45:23","date_gmt":"2021-06-15T16:45:23","guid":{"rendered":"http:\/\/gator2115.temp.domains\/~obserrio\/?p=525"},"modified":"2021-06-16T20:46:48","modified_gmt":"2021-06-16T20:46:48","slug":"fundacion-guatemalteca-para-ninos-con-sordoceguera-alex-fundal","status":"publish","type":"post","link":"https:\/\/observatorio.parlacen.int\/en\/fundacion-guatemalteca-para-ninos-con-sordoceguera-alex-fundal\/","title":{"rendered":"Fundaci\u00f3n Guatemalteca para Ni\u00f1os con Sordoceguera Alex \u2013 FUNDAL"},"content":{"rendered":"<p>FUNDAL est\u00e1 dedicada a las personas con sordoceguera y discapacidad m\u00faltiple, a las que tantas veces en el pasado se les ha negado la oportunidad de desarrollar su potencial y ocupar el lugar que por derecho les corresponde como miembros activos de su sociedad.<br><br>Somos reconocidos nacional e internacionalmente como un centro de capacitaci\u00f3n y nuestra labor nos motiva tambi\u00e9n a desarrollar actividades de sensibilizaci\u00f3n. FUNDAL obtiene sus recursos por medio de donaciones y actividades de recaudaci\u00f3n de fondos.<br><br>A trav\u00e9s de los Centros Educativos en Guatemala, Quetzaltenango y Huehuetenango, y por medio del programa de apoyo para el interior de del pa\u00eds, se orienta a los estudiantes y a sus familias en el aprendizaje de actividades que, sin la vista y el o\u00eddo, parecer\u00edan imposibles de realizar; utilizando el tacto y el resto de sus sentidos para crear herramientas de comunicaci\u00f3n que les permitan alcanzar su m\u00e1ximo potencial e independencia.<\/p>\n\n\n\n<h5 class=\"wp-block-heading\">Contacto:<\/h5>\n\n\n\n<p><strong>Trabajo:<\/strong> 1a Calle 0-20 Zona 1 Colonia Lomas de Portugal Mixco Guatemala<br><strong>Tel\u00e9fono Trabajo:<\/strong> PBX: 1597<br><strong>Email Trabajo:<\/strong> informacion@fundal.org.gt<br><strong>P\u00e1gina web:<\/strong><a href=\"http:\/\/www.fundal.org.gt\" target=\"_blank\" rel=\"noreferrer noopener\"><u>http:\/\/www.fundal.org.gt<\/u><\/a><\/p>","protected":false},"excerpt":{"rendered":"<p>FUNDAL est\u00e1 dedicada a las personas con sordoceguera y discapacidad m\u00faltiple, a las que tantas veces en el pasado se les ha negado la oportunidad de desarrollar su potencial y ocupar el lugar que por derecho les corresponde como miembros activos de su sociedad. Somos reconocidos nacional e internacionalmente como un centro de capacitaci\u00f3n y [&hellip;]<\/p>\n","protected":false},"author":1,"featured_media":970,"comment_status":"open","ping_status":"open","sticky":false,"template":"","format":"standard","meta":{"nf_dc_page":"","om_disable_all_campaigns":false,"site-sidebar-layout":"default","site-content-layout":"default","ast-site-content-layout":"default","site-content-style":"default","site-sidebar-style":"default","ast-global-header-display":"","ast-banner-title-visibility":"","ast-main-header-display":"","ast-hfb-above-header-display":"","ast-hfb-below-header-display":"","ast-hfb-mobile-header-display":"","site-post-title":"","ast-breadcrumbs-content":"","ast-featured-img":"","footer-sml-layout":"","ast-disable-related-posts":"","theme-transparent-header-meta":"default","adv-header-id-meta":"","stick-header-meta":"","header-above-stick-meta":"","header-main-stick-meta":"","header-below-stick-meta":"","astra-migrate-meta-layouts":"default","ast-page-background-enabled":"default","ast-page-background-meta":{"desktop":{"background-color":"","background-image":"","background-repeat":"repeat","background-position":"center center","background-size":"auto","background-attachment":"scroll","background-type":"","background-media":"","overlay-type":"","overlay-color":"","overlay-opacity":"","overlay-gradient":""},"tablet":{"background-color":"","background-image":"","background-repeat":"repeat","background-position":"center center","background-size":"auto","background-attachment":"scroll","background-type":"","background-media":"","overlay-type":"","overlay-color":"","overlay-opacity":"","overlay-gradient":""},"mobile":{"background-color":"","background-image":"","background-repeat":"repeat","background-position":"center center","background-size":"auto","background-attachment":"scroll","background-type":"","background-media":"","overlay-type":"","overlay-color":"","overlay-opacity":"","overlay-gradient":""}},"ast-content-background-meta":{"desktop":{"background-color":"var(--ast-global-color-5)","background-image":"","background-repeat":"repeat","background-position":"center center","background-size":"auto","background-attachment":"scroll","background-type":"","background-media":"","overlay-type":"","overlay-color":"","overlay-opacity":"","overlay-gradient":""},"tablet":{"background-color":"var(--ast-global-color-5)","background-image":"","background-repeat":"repeat","background-position":"center center","background-size":"auto","background-attachment":"scroll","background-type":"","background-media":"","overlay-type":"","overlay-color":"","overlay-opacity":"","overlay-gradient":""},"mobile":{"background-color":"var(--ast-global-color-5)","background-image":"","background-repeat":"repeat","background-position":"center center","background-size":"auto","background-attachment":"scroll","background-type":"","background-media":"","overlay-type":"","overlay-color":"","overlay-opacity":"","overlay-gradient":""}},"footnotes":""},"categories":[14],"tags":[15],"class_list":["post-525","post","type-post","status-publish","format-standard","has-post-thumbnail","hentry","category-guatemala","tag-guatemala-directorio"],"yoast_head":"<!-- This site is optimized with the Yoast SEO plugin v27.5 - https:\/\/yoast.com\/product\/yoast-seo-wordpress\/ -->\n<title>Fundaci\u00f3n Guatemalteca para Ni\u00f1os con Sordoceguera Alex \u2013 FUNDAL - Observatorio | Parlacen<\/title>\n<meta name=\"robots\" content=\"index, follow, max-snippet:-1, max-image-preview:large, max-video-preview:-1\" \/>\n<link rel=\"canonical\" href=\"https:\/\/observatorio.parlacen.int\/en\/fundacion-guatemalteca-para-ninos-con-sordoceguera-alex-fundal\/\" \/>\n<meta property=\"og:locale\" content=\"en_US\" \/>\n<meta property=\"og:type\" content=\"article\" \/>\n<meta property=\"og:title\" content=\"Fundaci\u00f3n Guatemalteca para Ni\u00f1os con Sordoceguera Alex \u2013 FUNDAL - Observatorio | Parlacen\" \/>\n<meta property=\"og:description\" content=\"FUNDAL est\u00e1 dedicada a las personas con sordoceguera y discapacidad m\u00faltiple, a las que tantas veces en el pasado se les ha negado la oportunidad de desarrollar su potencial y ocupar el lugar que por derecho les corresponde como miembros activos de su sociedad. Somos reconocidos nacional e internacionalmente como un centro de capacitaci\u00f3n y [&hellip;]\" \/>\n<meta property=\"og:url\" content=\"https:\/\/observatorio.parlacen.int\/en\/fundacion-guatemalteca-para-ninos-con-sordoceguera-alex-fundal\/\" \/>\n<meta property=\"og:site_name\" content=\"Observatorio | Parlacen\" \/>\n<meta property=\"article:published_time\" content=\"2021-06-15T16:45:23+00:00\" \/>\n<meta property=\"article:modified_time\" content=\"2021-06-16T20:46:48+00:00\" \/>\n<meta property=\"og:image\" content=\"https:\/\/observatorio.parlacen.int\/wp-content\/uploads\/2021\/06\/Fundacion-Guatemalteca-para-Ninos-con-Sordoceguera-AlexFUNDAL.jpg\" \/>\n\t<meta property=\"og:image:width\" content=\"225\" \/>\n\t<meta property=\"og:image:height\" content=\"150\" \/>\n\t<meta property=\"og:image:type\" content=\"image\/jpeg\" \/>\n<meta name=\"author\" content=\"observatorio\" \/>\n<meta name=\"twitter:card\" content=\"summary_large_image\" \/>\n<meta name=\"twitter:label1\" content=\"Written by\" \/>\n\t<meta name=\"twitter:data1\" content=\"observatorio\" \/>\n\t<meta name=\"twitter:label2\" content=\"Est. reading time\" \/>\n\t<meta name=\"twitter:data2\" content=\"1 minute\" \/>\n<script type=\"application\/ld+json\" class=\"yoast-schema-graph\">{\"@context\":\"https:\\\/\\\/schema.org\",\"@graph\":[{\"@type\":\"Article\",\"@id\":\"https:\\\/\\\/observatorio.parlacen.int\\\/fundacion-guatemalteca-para-ninos-con-sordoceguera-alex-fundal\\\/#article\",\"isPartOf\":{\"@id\":\"https:\\\/\\\/observatorio.parlacen.int\\\/fundacion-guatemalteca-para-ninos-con-sordoceguera-alex-fundal\\\/\"},\"author\":{\"name\":\"observatorio\",\"@id\":\"https:\\\/\\\/observatorio.parlacen.int\\\/#\\\/schema\\\/person\\\/3d8aa7321aa97166e2f907b69045b46d\"},\"headline\":\"Fundaci\u00f3n Guatemalteca para Ni\u00f1os con Sordoceguera Alex \u2013 FUNDAL\",\"datePublished\":\"2021-06-15T16:45:23+00:00\",\"dateModified\":\"2021-06-16T20:46:48+00:00\",\"mainEntityOfPage\":{\"@id\":\"https:\\\/\\\/observatorio.parlacen.int\\\/fundacion-guatemalteca-para-ninos-con-sordoceguera-alex-fundal\\\/\"},\"wordCount\":202,\"commentCount\":0,\"publisher\":{\"@id\":\"https:\\\/\\\/observatorio.parlacen.int\\\/#organization\"},\"image\":{\"@id\":\"https:\\\/\\\/observatorio.parlacen.int\\\/fundacion-guatemalteca-para-ninos-con-sordoceguera-alex-fundal\\\/#primaryimage\"},\"thumbnailUrl\":\"https:\\\/\\\/observatorio.parlacen.int\\\/wp-content\\\/uploads\\\/2021\\\/06\\\/Fundacion-Guatemalteca-para-Ninos-con-Sordoceguera-AlexFUNDAL.jpg\",\"keywords\":[\"Guatemala Directorio\"],\"articleSection\":[\"Guatemala\"],\"inLanguage\":\"en-US\",\"potentialAction\":[{\"@type\":\"CommentAction\",\"name\":\"Comment\",\"target\":[\"https:\\\/\\\/observatorio.parlacen.int\\\/fundacion-guatemalteca-para-ninos-con-sordoceguera-alex-fundal\\\/#respond\"]}]},{\"@type\":\"WebPage\",\"@id\":\"https:\\\/\\\/observatorio.parlacen.int\\\/fundacion-guatemalteca-para-ninos-con-sordoceguera-alex-fundal\\\/\",\"url\":\"https:\\\/\\\/observatorio.parlacen.int\\\/fundacion-guatemalteca-para-ninos-con-sordoceguera-alex-fundal\\\/\",\"name\":\"Fundaci\u00f3n Guatemalteca para Ni\u00f1os con Sordoceguera Alex \u2013 FUNDAL - Observatorio | Parlacen\",\"isPartOf\":{\"@id\":\"https:\\\/\\\/observatorio.parlacen.int\\\/#website\"},\"primaryImageOfPage\":{\"@id\":\"https:\\\/\\\/observatorio.parlacen.int\\\/fundacion-guatemalteca-para-ninos-con-sordoceguera-alex-fundal\\\/#primaryimage\"},\"image\":{\"@id\":\"https:\\\/\\\/observatorio.parlacen.int\\\/fundacion-guatemalteca-para-ninos-con-sordoceguera-alex-fundal\\\/#primaryimage\"},\"thumbnailUrl\":\"https:\\\/\\\/observatorio.parlacen.int\\\/wp-content\\\/uploads\\\/2021\\\/06\\\/Fundacion-Guatemalteca-para-Ninos-con-Sordoceguera-AlexFUNDAL.jpg\",\"datePublished\":\"2021-06-15T16:45:23+00:00\",\"dateModified\":\"2021-06-16T20:46:48+00:00\",\"breadcrumb\":{\"@id\":\"https:\\\/\\\/observatorio.parlacen.int\\\/fundacion-guatemalteca-para-ninos-con-sordoceguera-alex-fundal\\\/#breadcrumb\"},\"inLanguage\":\"en-US\",\"potentialAction\":[{\"@type\":\"ReadAction\",\"target\":[\"https:\\\/\\\/observatorio.parlacen.int\\\/fundacion-guatemalteca-para-ninos-con-sordoceguera-alex-fundal\\\/\"]}]},{\"@type\":\"ImageObject\",\"inLanguage\":\"en-US\",\"@id\":\"https:\\\/\\\/observatorio.parlacen.int\\\/fundacion-guatemalteca-para-ninos-con-sordoceguera-alex-fundal\\\/#primaryimage\",\"url\":\"https:\\\/\\\/observatorio.parlacen.int\\\/wp-content\\\/uploads\\\/2021\\\/06\\\/Fundacion-Guatemalteca-para-Ninos-con-Sordoceguera-AlexFUNDAL.jpg\",\"contentUrl\":\"https:\\\/\\\/observatorio.parlacen.int\\\/wp-content\\\/uploads\\\/2021\\\/06\\\/Fundacion-Guatemalteca-para-Ninos-con-Sordoceguera-AlexFUNDAL.jpg\",\"width\":225,\"height\":150},{\"@type\":\"BreadcrumbList\",\"@id\":\"https:\\\/\\\/observatorio.parlacen.int\\\/fundacion-guatemalteca-para-ninos-con-sordoceguera-alex-fundal\\\/#breadcrumb\",\"itemListElement\":[{\"@type\":\"ListItem\",\"position\":1,\"name\":\"Inicio\",\"item\":\"https:\\\/\\\/observatorio.parlacen.int\\\/\"},{\"@type\":\"ListItem\",\"position\":2,\"name\":\"Fundaci\u00f3n Guatemalteca para Ni\u00f1os con Sordoceguera Alex \u2013 FUNDAL\"}]},{\"@type\":\"WebSite\",\"@id\":\"https:\\\/\\\/observatorio.parlacen.int\\\/#website\",\"url\":\"https:\\\/\\\/observatorio.parlacen.int\\\/\",\"name\":\"Observatorio | Parlacen\",\"description\":\"Observatorio Parlacen\",\"publisher\":{\"@id\":\"https:\\\/\\\/observatorio.parlacen.int\\\/#organization\"},\"potentialAction\":[{\"@type\":\"SearchAction\",\"target\":{\"@type\":\"EntryPoint\",\"urlTemplate\":\"https:\\\/\\\/observatorio.parlacen.int\\\/?s={search_term_string}\"},\"query-input\":{\"@type\":\"PropertyValueSpecification\",\"valueRequired\":true,\"valueName\":\"search_term_string\"}}],\"inLanguage\":\"en-US\"},{\"@type\":\"Organization\",\"@id\":\"https:\\\/\\\/observatorio.parlacen.int\\\/#organization\",\"name\":\"Observatorio | Parlacen\",\"url\":\"https:\\\/\\\/observatorio.parlacen.int\\\/\",\"logo\":{\"@type\":\"ImageObject\",\"inLanguage\":\"en-US\",\"@id\":\"https:\\\/\\\/observatorio.parlacen.int\\\/#\\\/schema\\\/logo\\\/image\\\/\",\"url\":\"https:\\\/\\\/observatorio.parlacen.int\\\/wp-content\\\/uploads\\\/2022\\\/07\\\/LOGO-OBSERVATORIO.png\",\"contentUrl\":\"https:\\\/\\\/observatorio.parlacen.int\\\/wp-content\\\/uploads\\\/2022\\\/07\\\/LOGO-OBSERVATORIO.png\",\"width\":1027,\"height\":383,\"caption\":\"Observatorio | Parlacen\"},\"image\":{\"@id\":\"https:\\\/\\\/observatorio.parlacen.int\\\/#\\\/schema\\\/logo\\\/image\\\/\"}},{\"@type\":\"Person\",\"@id\":\"https:\\\/\\\/observatorio.parlacen.int\\\/#\\\/schema\\\/person\\\/3d8aa7321aa97166e2f907b69045b46d\",\"name\":\"observatorio\",\"image\":{\"@type\":\"ImageObject\",\"inLanguage\":\"en-US\",\"@id\":\"https:\\\/\\\/secure.gravatar.com\\\/avatar\\\/40f99ddd5ba83545c07af25921ed668945b0b135fb073f45af34e6496907db0e?s=96&d=mm&r=g\",\"url\":\"https:\\\/\\\/secure.gravatar.com\\\/avatar\\\/40f99ddd5ba83545c07af25921ed668945b0b135fb073f45af34e6496907db0e?s=96&d=mm&r=g\",\"contentUrl\":\"https:\\\/\\\/secure.gravatar.com\\\/avatar\\\/40f99ddd5ba83545c07af25921ed668945b0b135fb073f45af34e6496907db0e?s=96&d=mm&r=g\",\"caption\":\"observatorio\"},\"sameAs\":[\"https:\\\/\\\/observatorio.parlacen.int\"],\"url\":\"https:\\\/\\\/observatorio.parlacen.int\\\/en\\\/author\\\/observatorio\\\/\"}]}<\/script>\n<!-- \/ Yoast SEO plugin. -->","yoast_head_json":{"title":"Fundaci\u00f3n Guatemalteca para Ni\u00f1os con Sordoceguera Alex \u2013 FUNDAL - Observatorio | Parlacen","robots":{"index":"index","follow":"follow","max-snippet":"max-snippet:-1","max-image-preview":"max-image-preview:large","max-video-preview":"max-video-preview:-1"},"canonical":"https:\/\/observatorio.parlacen.int\/en\/fundacion-guatemalteca-para-ninos-con-sordoceguera-alex-fundal\/","og_locale":"en_US","og_type":"article","og_title":"Fundaci\u00f3n Guatemalteca para Ni\u00f1os con Sordoceguera Alex \u2013 FUNDAL - Observatorio | Parlacen","og_description":"FUNDAL est\u00e1 dedicada a las personas con sordoceguera y discapacidad m\u00faltiple, a las que tantas veces en el pasado se les ha negado la oportunidad de desarrollar su potencial y ocupar el lugar que por derecho les corresponde como miembros activos de su sociedad. Somos reconocidos nacional e internacionalmente como un centro de capacitaci\u00f3n y [&hellip;]","og_url":"https:\/\/observatorio.parlacen.int\/en\/fundacion-guatemalteca-para-ninos-con-sordoceguera-alex-fundal\/","og_site_name":"Observatorio | Parlacen","article_published_time":"2021-06-15T16:45:23+00:00","article_modified_time":"2021-06-16T20:46:48+00:00","og_image":[{"width":225,"height":150,"url":"https:\/\/observatorio.parlacen.int\/wp-content\/uploads\/2021\/06\/Fundacion-Guatemalteca-para-Ninos-con-Sordoceguera-AlexFUNDAL.jpg","type":"image\/jpeg"}],"author":"observatorio","twitter_card":"summary_large_image","twitter_misc":{"Written by":"observatorio","Est. reading time":"1 minute"},"schema":{"@context":"https:\/\/schema.org","@graph":[{"@type":"Article","@id":"https:\/\/observatorio.parlacen.int\/fundacion-guatemalteca-para-ninos-con-sordoceguera-alex-fundal\/#article","isPartOf":{"@id":"https:\/\/observatorio.parlacen.int\/fundacion-guatemalteca-para-ninos-con-sordoceguera-alex-fundal\/"},"author":{"name":"observatorio","@id":"https:\/\/observatorio.parlacen.int\/#\/schema\/person\/3d8aa7321aa97166e2f907b69045b46d"},"headline":"Fundaci\u00f3n Guatemalteca para Ni\u00f1os con Sordoceguera Alex \u2013 FUNDAL","datePublished":"2021-06-15T16:45:23+00:00","dateModified":"2021-06-16T20:46:48+00:00","mainEntityOfPage":{"@id":"https:\/\/observatorio.parlacen.int\/fundacion-guatemalteca-para-ninos-con-sordoceguera-alex-fundal\/"},"wordCount":202,"commentCount":0,"publisher":{"@id":"https:\/\/observatorio.parlacen.int\/#organization"},"image":{"@id":"https:\/\/observatorio.parlacen.int\/fundacion-guatemalteca-para-ninos-con-sordoceguera-alex-fundal\/#primaryimage"},"thumbnailUrl":"https:\/\/observatorio.parlacen.int\/wp-content\/uploads\/2021\/06\/Fundacion-Guatemalteca-para-Ninos-con-Sordoceguera-AlexFUNDAL.jpg","keywords":["Guatemala Directorio"],"articleSection":["Guatemala"],"inLanguage":"en-US","potentialAction":[{"@type":"CommentAction","name":"Comment","target":["https:\/\/observatorio.parlacen.int\/fundacion-guatemalteca-para-ninos-con-sordoceguera-alex-fundal\/#respond"]}]},{"@type":"WebPage","@id":"https:\/\/observatorio.parlacen.int\/fundacion-guatemalteca-para-ninos-con-sordoceguera-alex-fundal\/","url":"https:\/\/observatorio.parlacen.int\/fundacion-guatemalteca-para-ninos-con-sordoceguera-alex-fundal\/","name":"Fundaci\u00f3n Guatemalteca para Ni\u00f1os con Sordoceguera Alex \u2013 FUNDAL - Observatorio | Parlacen","isPartOf":{"@id":"https:\/\/observatorio.parlacen.int\/#website"},"primaryImageOfPage":{"@id":"https:\/\/observatorio.parlacen.int\/fundacion-guatemalteca-para-ninos-con-sordoceguera-alex-fundal\/#primaryimage"},"image":{"@id":"https:\/\/observatorio.parlacen.int\/fundacion-guatemalteca-para-ninos-con-sordoceguera-alex-fundal\/#primaryimage"},"thumbnailUrl":"https:\/\/observatorio.parlacen.int\/wp-content\/uploads\/2021\/06\/Fundacion-Guatemalteca-para-Ninos-con-Sordoceguera-AlexFUNDAL.jpg","datePublished":"2021-06-15T16:45:23+00:00","dateModified":"2021-06-16T20:46:48+00:00","breadcrumb":{"@id":"https:\/\/observatorio.parlacen.int\/fundacion-guatemalteca-para-ninos-con-sordoceguera-alex-fundal\/#breadcrumb"},"inLanguage":"en-US","potentialAction":[{"@type":"ReadAction","target":["https:\/\/observatorio.parlacen.int\/fundacion-guatemalteca-para-ninos-con-sordoceguera-alex-fundal\/"]}]},{"@type":"ImageObject","inLanguage":"en-US","@id":"https:\/\/observatorio.parlacen.int\/fundacion-guatemalteca-para-ninos-con-sordoceguera-alex-fundal\/#primaryimage","url":"https:\/\/observatorio.parlacen.int\/wp-content\/uploads\/2021\/06\/Fundacion-Guatemalteca-para-Ninos-con-Sordoceguera-AlexFUNDAL.jpg","contentUrl":"https:\/\/observatorio.parlacen.int\/wp-content\/uploads\/2021\/06\/Fundacion-Guatemalteca-para-Ninos-con-Sordoceguera-AlexFUNDAL.jpg","width":225,"height":150},{"@type":"BreadcrumbList","@id":"https:\/\/observatorio.parlacen.int\/fundacion-guatemalteca-para-ninos-con-sordoceguera-alex-fundal\/#breadcrumb","itemListElement":[{"@type":"ListItem","position":1,"name":"Inicio","item":"https:\/\/observatorio.parlacen.int\/"},{"@type":"ListItem","position":2,"name":"Fundaci\u00f3n Guatemalteca para Ni\u00f1os con Sordoceguera Alex \u2013 FUNDAL"}]},{"@type":"WebSite","@id":"https:\/\/observatorio.parlacen.int\/#website","url":"https:\/\/observatorio.parlacen.int\/","name":"Observatorio | Parlacen","description":"Observatorio Parlacen","publisher":{"@id":"https:\/\/observatorio.parlacen.int\/#organization"},"potentialAction":[{"@type":"SearchAction","target":{"@type":"EntryPoint","urlTemplate":"https:\/\/observatorio.parlacen.int\/?s={search_term_string}"},"query-input":{"@type":"PropertyValueSpecification","valueRequired":true,"valueName":"search_term_string"}}],"inLanguage":"en-US"},{"@type":"Organization","@id":"https:\/\/observatorio.parlacen.int\/#organization","name":"Observatorio | Parlacen","url":"https:\/\/observatorio.parlacen.int\/","logo":{"@type":"ImageObject","inLanguage":"en-US","@id":"https:\/\/observatorio.parlacen.int\/#\/schema\/logo\/image\/","url":"https:\/\/observatorio.parlacen.int\/wp-content\/uploads\/2022\/07\/LOGO-OBSERVATORIO.png","contentUrl":"https:\/\/observatorio.parlacen.int\/wp-content\/uploads\/2022\/07\/LOGO-OBSERVATORIO.png","width":1027,"height":383,"caption":"Observatorio | Parlacen"},"image":{"@id":"https:\/\/observatorio.parlacen.int\/#\/schema\/logo\/image\/"}},{"@type":"Person","@id":"https:\/\/observatorio.parlacen.int\/#\/schema\/person\/3d8aa7321aa97166e2f907b69045b46d","name":"observatorio","image":{"@type":"ImageObject","inLanguage":"en-US","@id":"https:\/\/secure.gravatar.com\/avatar\/40f99ddd5ba83545c07af25921ed668945b0b135fb073f45af34e6496907db0e?s=96&d=mm&r=g","url":"https:\/\/secure.gravatar.com\/avatar\/40f99ddd5ba83545c07af25921ed668945b0b135fb073f45af34e6496907db0e?s=96&d=mm&r=g","contentUrl":"https:\/\/secure.gravatar.com\/avatar\/40f99ddd5ba83545c07af25921ed668945b0b135fb073f45af34e6496907db0e?s=96&d=mm&r=g","caption":"observatorio"},"sameAs":["https:\/\/observatorio.parlacen.int"],"url":"https:\/\/observatorio.parlacen.int\/en\/author\/observatorio\/"}]}},"_links":{"self":[{"href":"https:\/\/observatorio.parlacen.int\/en\/wp-json\/wp\/v2\/posts\/525","targetHints":{"allow":["GET"]}}],"collection":[{"href":"https:\/\/observatorio.parlacen.int\/en\/wp-json\/wp\/v2\/posts"}],"about":[{"href":"https:\/\/observatorio.parlacen.int\/en\/wp-json\/wp\/v2\/types\/post"}],"author":[{"embeddable":true,"href":"https:\/\/observatorio.parlacen.int\/en\/wp-json\/wp\/v2\/users\/1"}],"replies":[{"embeddable":true,"href":"https:\/\/observatorio.parlacen.int\/en\/wp-json\/wp\/v2\/comments?post=525"}],"version-history":[{"count":2,"href":"https:\/\/observatorio.parlacen.int\/en\/wp-json\/wp\/v2\/posts\/525\/revisions"}],"predecessor-version":[{"id":605,"href":"https:\/\/observatorio.parlacen.int\/en\/wp-json\/wp\/v2\/posts\/525\/revisions\/605"}],"wp:featuredmedia":[{"embeddable":true,"href":"https:\/\/observatorio.parlacen.int\/en\/wp-json\/wp\/v2\/media\/970"}],"wp:attachment":[{"href":"https:\/\/observatorio.parlacen.int\/en\/wp-json\/wp\/v2\/media?parent=525"}],"wp:term":[{"taxonomy":"category","embeddable":true,"href":"https:\/\/observatorio.parlacen.int\/en\/wp-json\/wp\/v2\/categories?post=525"},{"taxonomy":"post_tag","embeddable":true,"href":"https:\/\/observatorio.parlacen.int\/en\/wp-json\/wp\/v2\/tags?post=525"}],"curies":[{"name":"wp","href":"https:\/\/api.w.org\/{rel}","templated":true}]}}