{"id":510,"date":"2021-06-15T16:30:15","date_gmt":"2021-06-15T16:30:15","guid":{"rendered":"http:\/\/gator2115.temp.domains\/~obserrio\/?p=510"},"modified":"2021-06-16T20:37:37","modified_gmt":"2021-06-16T20:37:37","slug":"ministerio-de-educacion-mined","status":"publish","type":"post","link":"https:\/\/observatorio.parlacen.int\/en\/ministerio-de-educacion-mined\/","title":{"rendered":"Ministerio de Educaci\u00f3n (MINED)"},"content":{"rendered":"<p>Tiene bajo su responsabilidad el \u201cCentro Escolar para Ciegos\u201d, ubicada en la ciudad de San Salvador,para brindar formaci\u00f3n acad\u00e9mica, en los tres primeros a\u00f1os de educaci\u00f3n primaria, a personas ciegas y de baja visi\u00f3n, para luego ser incluidos en los Centros Regulares de Educaci\u00f3n P\u00fablica. A partir del 2010, cuenta con la \u201cPol\u00edtica Nacional de Educaci\u00f3n Inclusiva\u201d, que permite la inclusi\u00f3n de las personas con discapacidad a los Centros Educativos P\u00fablicos Regulares; reto bajo el cual se contin\u00faa el proceso de generaci\u00f3n de las condiciones propicias para dicho fin. Para el a\u00f1o 2011, se registran 16,553 estudiantes con diferentes tipos de 13 discapacidad, incluidos en el sistema educativo regular. Tambi\u00e9n, se ha incorporado en los Centros Escolares P\u00fablicos el deporte inclusivo, que promueve la participaci\u00f3n de ni\u00f1as y ni\u00f1os con y sin discapacidad<\/p>\n\n\n\n<h5 class=\"wp-block-heading\">Contacto:<\/h5>\n\n\n\n<p><strong>Trabajo:<\/strong> Edificios A, Plan Maestro, Centro de Gobierno, Alameda Juan Pablo II y calle Guadalupe San Salvador El Salvador<br><strong>Tel\u00e9fono Trabajo:<\/strong> +(503) 2592-2122<br><strong>Tel\u00e9fono Trabajo:<\/strong> +(503) 2592-3117<br><strong>Email Trabajo:<\/strong> educacion@mined.gob.sv<br><strong>P\u00e1gina web:<\/strong><a href=\"http:\/\/www.mined.gob.sv\" target=\"_blank\" rel=\"noreferrer noopener\"><u>http:\/\/www.mined.gob.sv<\/u><\/a><\/p>","protected":false},"excerpt":{"rendered":"<p>Tiene bajo su responsabilidad el \u201cCentro Escolar para Ciegos\u201d, ubicada en la ciudad de San Salvador,para brindar formaci\u00f3n acad\u00e9mica, en los tres primeros a\u00f1os de educaci\u00f3n primaria, a personas ciegas y de baja visi\u00f3n, para luego ser incluidos en los Centros Regulares de Educaci\u00f3n P\u00fablica. A partir del 2010, cuenta con la \u201cPol\u00edtica Nacional de [&hellip;]<\/p>\n","protected":false},"author":1,"featured_media":961,"comment_status":"open","ping_status":"open","sticky":false,"template":"","format":"standard","meta":{"nf_dc_page":"","om_disable_all_campaigns":false,"site-sidebar-layout":"default","site-content-layout":"default","ast-site-content-layout":"default","site-content-style":"default","site-sidebar-style":"default","ast-global-header-display":"","ast-banner-title-visibility":"","ast-main-header-display":"","ast-hfb-above-header-display":"","ast-hfb-below-header-display":"","ast-hfb-mobile-header-display":"","site-post-title":"","ast-breadcrumbs-content":"","ast-featured-img":"","footer-sml-layout":"","ast-disable-related-posts":"","theme-transparent-header-meta":"default","adv-header-id-meta":"","stick-header-meta":"","header-above-stick-meta":"","header-main-stick-meta":"","header-below-stick-meta":"","astra-migrate-meta-layouts":"default","ast-page-background-enabled":"default","ast-page-background-meta":{"desktop":{"background-color":"","background-image":"","background-repeat":"repeat","background-position":"center center","background-size":"auto","background-attachment":"scroll","background-type":"","background-media":"","overlay-type":"","overlay-color":"","overlay-opacity":"","overlay-gradient":""},"tablet":{"background-color":"","background-image":"","background-repeat":"repeat","background-position":"center center","background-size":"auto","background-attachment":"scroll","background-type":"","background-media":"","overlay-type":"","overlay-color":"","overlay-opacity":"","overlay-gradient":""},"mobile":{"background-color":"","background-image":"","background-repeat":"repeat","background-position":"center center","background-size":"auto","background-attachment":"scroll","background-type":"","background-media":"","overlay-type":"","overlay-color":"","overlay-opacity":"","overlay-gradient":""}},"ast-content-background-meta":{"desktop":{"background-color":"var(--ast-global-color-5)","background-image":"","background-repeat":"repeat","background-position":"center center","background-size":"auto","background-attachment":"scroll","background-type":"","background-media":"","overlay-type":"","overlay-color":"","overlay-opacity":"","overlay-gradient":""},"tablet":{"background-color":"var(--ast-global-color-5)","background-image":"","background-repeat":"repeat","background-position":"center center","background-size":"auto","background-attachment":"scroll","background-type":"","background-media":"","overlay-type":"","overlay-color":"","overlay-opacity":"","overlay-gradient":""},"mobile":{"background-color":"var(--ast-global-color-5)","background-image":"","background-repeat":"repeat","background-position":"center center","background-size":"auto","background-attachment":"scroll","background-type":"","background-media":"","overlay-type":"","overlay-color":"","overlay-opacity":"","overlay-gradient":""}},"footnotes":""},"categories":[12],"tags":[13],"class_list":["post-510","post","type-post","status-publish","format-standard","has-post-thumbnail","hentry","category-el-salvador","tag-el-salvador-directorio"],"yoast_head":"<!-- This site is optimized with the Yoast SEO plugin v27.5 - https:\/\/yoast.com\/product\/yoast-seo-wordpress\/ -->\n<title>Ministerio de Educaci\u00f3n (MINED) - Observatorio | Parlacen<\/title>\n<meta name=\"robots\" content=\"index, follow, max-snippet:-1, max-image-preview:large, max-video-preview:-1\" \/>\n<link rel=\"canonical\" href=\"https:\/\/observatorio.parlacen.int\/en\/ministerio-de-educacion-mined\/\" \/>\n<meta property=\"og:locale\" content=\"en_US\" \/>\n<meta property=\"og:type\" content=\"article\" \/>\n<meta property=\"og:title\" content=\"Ministerio de Educaci\u00f3n (MINED) - Observatorio | Parlacen\" \/>\n<meta property=\"og:description\" content=\"Tiene bajo su responsabilidad el \u201cCentro Escolar para Ciegos\u201d, ubicada en la ciudad de San Salvador,para brindar formaci\u00f3n acad\u00e9mica, en los tres primeros a\u00f1os de educaci\u00f3n primaria, a personas ciegas y de baja visi\u00f3n, para luego ser incluidos en los Centros Regulares de Educaci\u00f3n P\u00fablica. A partir del 2010, cuenta con la \u201cPol\u00edtica Nacional de [&hellip;]\" \/>\n<meta property=\"og:url\" content=\"https:\/\/observatorio.parlacen.int\/en\/ministerio-de-educacion-mined\/\" \/>\n<meta property=\"og:site_name\" content=\"Observatorio | Parlacen\" \/>\n<meta property=\"article:published_time\" content=\"2021-06-15T16:30:15+00:00\" \/>\n<meta property=\"article:modified_time\" content=\"2021-06-16T20:37:37+00:00\" \/>\n<meta property=\"og:image\" content=\"https:\/\/observatorio.parlacen.int\/wp-content\/uploads\/2021\/06\/Ministerio-de-Educacion-MINED.jpg\" \/>\n\t<meta property=\"og:image:width\" content=\"225\" \/>\n\t<meta property=\"og:image:height\" content=\"150\" \/>\n\t<meta property=\"og:image:type\" content=\"image\/jpeg\" \/>\n<meta name=\"author\" content=\"observatorio\" \/>\n<meta name=\"twitter:card\" content=\"summary_large_image\" \/>\n<meta name=\"twitter:label1\" content=\"Written by\" \/>\n\t<meta name=\"twitter:data1\" content=\"observatorio\" \/>\n\t<meta name=\"twitter:label2\" content=\"Est. reading time\" \/>\n\t<meta name=\"twitter:data2\" content=\"1 minute\" \/>\n<script type=\"application\/ld+json\" class=\"yoast-schema-graph\">{\"@context\":\"https:\\\/\\\/schema.org\",\"@graph\":[{\"@type\":\"Article\",\"@id\":\"https:\\\/\\\/observatorio.parlacen.int\\\/en\\\/ministerio-de-educacion-mined\\\/#article\",\"isPartOf\":{\"@id\":\"https:\\\/\\\/observatorio.parlacen.int\\\/en\\\/ministerio-de-educacion-mined\\\/\"},\"author\":{\"name\":\"observatorio\",\"@id\":\"https:\\\/\\\/observatorio.parlacen.int\\\/#\\\/schema\\\/person\\\/3d8aa7321aa97166e2f907b69045b46d\"},\"headline\":\"Ministerio de Educaci\u00f3n (MINED)\",\"datePublished\":\"2021-06-15T16:30:15+00:00\",\"dateModified\":\"2021-06-16T20:37:37+00:00\",\"mainEntityOfPage\":{\"@id\":\"https:\\\/\\\/observatorio.parlacen.int\\\/en\\\/ministerio-de-educacion-mined\\\/\"},\"wordCount\":196,\"commentCount\":0,\"publisher\":{\"@id\":\"https:\\\/\\\/observatorio.parlacen.int\\\/#organization\"},\"image\":{\"@id\":\"https:\\\/\\\/observatorio.parlacen.int\\\/en\\\/ministerio-de-educacion-mined\\\/#primaryimage\"},\"thumbnailUrl\":\"https:\\\/\\\/observatorio.parlacen.int\\\/wp-content\\\/uploads\\\/2021\\\/06\\\/Ministerio-de-Educacion-MINED.jpg\",\"keywords\":[\"El Salvador Directorio\"],\"articleSection\":[\"El Salvador\"],\"inLanguage\":\"en-US\",\"potentialAction\":[{\"@type\":\"CommentAction\",\"name\":\"Comment\",\"target\":[\"https:\\\/\\\/observatorio.parlacen.int\\\/en\\\/ministerio-de-educacion-mined\\\/#respond\"]}]},{\"@type\":\"WebPage\",\"@id\":\"https:\\\/\\\/observatorio.parlacen.int\\\/en\\\/ministerio-de-educacion-mined\\\/\",\"url\":\"https:\\\/\\\/observatorio.parlacen.int\\\/en\\\/ministerio-de-educacion-mined\\\/\",\"name\":\"Ministerio de Educaci\u00f3n (MINED) - Observatorio | Parlacen\",\"isPartOf\":{\"@id\":\"https:\\\/\\\/observatorio.parlacen.int\\\/#website\"},\"primaryImageOfPage\":{\"@id\":\"https:\\\/\\\/observatorio.parlacen.int\\\/en\\\/ministerio-de-educacion-mined\\\/#primaryimage\"},\"image\":{\"@id\":\"https:\\\/\\\/observatorio.parlacen.int\\\/en\\\/ministerio-de-educacion-mined\\\/#primaryimage\"},\"thumbnailUrl\":\"https:\\\/\\\/observatorio.parlacen.int\\\/wp-content\\\/uploads\\\/2021\\\/06\\\/Ministerio-de-Educacion-MINED.jpg\",\"datePublished\":\"2021-06-15T16:30:15+00:00\",\"dateModified\":\"2021-06-16T20:37:37+00:00\",\"breadcrumb\":{\"@id\":\"https:\\\/\\\/observatorio.parlacen.int\\\/en\\\/ministerio-de-educacion-mined\\\/#breadcrumb\"},\"inLanguage\":\"en-US\",\"potentialAction\":[{\"@type\":\"ReadAction\",\"target\":[\"https:\\\/\\\/observatorio.parlacen.int\\\/en\\\/ministerio-de-educacion-mined\\\/\"]}]},{\"@type\":\"ImageObject\",\"inLanguage\":\"en-US\",\"@id\":\"https:\\\/\\\/observatorio.parlacen.int\\\/en\\\/ministerio-de-educacion-mined\\\/#primaryimage\",\"url\":\"https:\\\/\\\/observatorio.parlacen.int\\\/wp-content\\\/uploads\\\/2021\\\/06\\\/Ministerio-de-Educacion-MINED.jpg\",\"contentUrl\":\"https:\\\/\\\/observatorio.parlacen.int\\\/wp-content\\\/uploads\\\/2021\\\/06\\\/Ministerio-de-Educacion-MINED.jpg\",\"width\":225,\"height\":150},{\"@type\":\"BreadcrumbList\",\"@id\":\"https:\\\/\\\/observatorio.parlacen.int\\\/en\\\/ministerio-de-educacion-mined\\\/#breadcrumb\",\"itemListElement\":[{\"@type\":\"ListItem\",\"position\":1,\"name\":\"Inicio\",\"item\":\"https:\\\/\\\/observatorio.parlacen.int\\\/\"},{\"@type\":\"ListItem\",\"position\":2,\"name\":\"Ministerio de Educaci\u00f3n (MINED)\"}]},{\"@type\":\"WebSite\",\"@id\":\"https:\\\/\\\/observatorio.parlacen.int\\\/#website\",\"url\":\"https:\\\/\\\/observatorio.parlacen.int\\\/\",\"name\":\"Observatorio | Parlacen\",\"description\":\"Observatorio Parlacen\",\"publisher\":{\"@id\":\"https:\\\/\\\/observatorio.parlacen.int\\\/#organization\"},\"potentialAction\":[{\"@type\":\"SearchAction\",\"target\":{\"@type\":\"EntryPoint\",\"urlTemplate\":\"https:\\\/\\\/observatorio.parlacen.int\\\/?s={search_term_string}\"},\"query-input\":{\"@type\":\"PropertyValueSpecification\",\"valueRequired\":true,\"valueName\":\"search_term_string\"}}],\"inLanguage\":\"en-US\"},{\"@type\":\"Organization\",\"@id\":\"https:\\\/\\\/observatorio.parlacen.int\\\/#organization\",\"name\":\"Observatorio | Parlacen\",\"url\":\"https:\\\/\\\/observatorio.parlacen.int\\\/\",\"logo\":{\"@type\":\"ImageObject\",\"inLanguage\":\"en-US\",\"@id\":\"https:\\\/\\\/observatorio.parlacen.int\\\/#\\\/schema\\\/logo\\\/image\\\/\",\"url\":\"https:\\\/\\\/observatorio.parlacen.int\\\/wp-content\\\/uploads\\\/2022\\\/07\\\/LOGO-OBSERVATORIO.png\",\"contentUrl\":\"https:\\\/\\\/observatorio.parlacen.int\\\/wp-content\\\/uploads\\\/2022\\\/07\\\/LOGO-OBSERVATORIO.png\",\"width\":1027,\"height\":383,\"caption\":\"Observatorio | Parlacen\"},\"image\":{\"@id\":\"https:\\\/\\\/observatorio.parlacen.int\\\/#\\\/schema\\\/logo\\\/image\\\/\"}},{\"@type\":\"Person\",\"@id\":\"https:\\\/\\\/observatorio.parlacen.int\\\/#\\\/schema\\\/person\\\/3d8aa7321aa97166e2f907b69045b46d\",\"name\":\"observatorio\",\"image\":{\"@type\":\"ImageObject\",\"inLanguage\":\"en-US\",\"@id\":\"https:\\\/\\\/secure.gravatar.com\\\/avatar\\\/40f99ddd5ba83545c07af25921ed668945b0b135fb073f45af34e6496907db0e?s=96&d=mm&r=g\",\"url\":\"https:\\\/\\\/secure.gravatar.com\\\/avatar\\\/40f99ddd5ba83545c07af25921ed668945b0b135fb073f45af34e6496907db0e?s=96&d=mm&r=g\",\"contentUrl\":\"https:\\\/\\\/secure.gravatar.com\\\/avatar\\\/40f99ddd5ba83545c07af25921ed668945b0b135fb073f45af34e6496907db0e?s=96&d=mm&r=g\",\"caption\":\"observatorio\"},\"sameAs\":[\"https:\\\/\\\/observatorio.parlacen.int\"],\"url\":\"https:\\\/\\\/observatorio.parlacen.int\\\/en\\\/author\\\/observatorio\\\/\"}]}<\/script>\n<!-- \/ Yoast SEO plugin. -->","yoast_head_json":{"title":"Ministerio de Educaci\u00f3n (MINED) - Observatorio | Parlacen","robots":{"index":"index","follow":"follow","max-snippet":"max-snippet:-1","max-image-preview":"max-image-preview:large","max-video-preview":"max-video-preview:-1"},"canonical":"https:\/\/observatorio.parlacen.int\/en\/ministerio-de-educacion-mined\/","og_locale":"en_US","og_type":"article","og_title":"Ministerio de Educaci\u00f3n (MINED) - Observatorio | Parlacen","og_description":"Tiene bajo su responsabilidad el \u201cCentro Escolar para Ciegos\u201d, ubicada en la ciudad de San Salvador,para brindar formaci\u00f3n acad\u00e9mica, en los tres primeros a\u00f1os de educaci\u00f3n primaria, a personas ciegas y de baja visi\u00f3n, para luego ser incluidos en los Centros Regulares de Educaci\u00f3n P\u00fablica. A partir del 2010, cuenta con la \u201cPol\u00edtica Nacional de [&hellip;]","og_url":"https:\/\/observatorio.parlacen.int\/en\/ministerio-de-educacion-mined\/","og_site_name":"Observatorio | Parlacen","article_published_time":"2021-06-15T16:30:15+00:00","article_modified_time":"2021-06-16T20:37:37+00:00","og_image":[{"width":225,"height":150,"url":"https:\/\/observatorio.parlacen.int\/wp-content\/uploads\/2021\/06\/Ministerio-de-Educacion-MINED.jpg","type":"image\/jpeg"}],"author":"observatorio","twitter_card":"summary_large_image","twitter_misc":{"Written by":"observatorio","Est. reading time":"1 minute"},"schema":{"@context":"https:\/\/schema.org","@graph":[{"@type":"Article","@id":"https:\/\/observatorio.parlacen.int\/en\/ministerio-de-educacion-mined\/#article","isPartOf":{"@id":"https:\/\/observatorio.parlacen.int\/en\/ministerio-de-educacion-mined\/"},"author":{"name":"observatorio","@id":"https:\/\/observatorio.parlacen.int\/#\/schema\/person\/3d8aa7321aa97166e2f907b69045b46d"},"headline":"Ministerio de Educaci\u00f3n (MINED)","datePublished":"2021-06-15T16:30:15+00:00","dateModified":"2021-06-16T20:37:37+00:00","mainEntityOfPage":{"@id":"https:\/\/observatorio.parlacen.int\/en\/ministerio-de-educacion-mined\/"},"wordCount":196,"commentCount":0,"publisher":{"@id":"https:\/\/observatorio.parlacen.int\/#organization"},"image":{"@id":"https:\/\/observatorio.parlacen.int\/en\/ministerio-de-educacion-mined\/#primaryimage"},"thumbnailUrl":"https:\/\/observatorio.parlacen.int\/wp-content\/uploads\/2021\/06\/Ministerio-de-Educacion-MINED.jpg","keywords":["El Salvador Directorio"],"articleSection":["El Salvador"],"inLanguage":"en-US","potentialAction":[{"@type":"CommentAction","name":"Comment","target":["https:\/\/observatorio.parlacen.int\/en\/ministerio-de-educacion-mined\/#respond"]}]},{"@type":"WebPage","@id":"https:\/\/observatorio.parlacen.int\/en\/ministerio-de-educacion-mined\/","url":"https:\/\/observatorio.parlacen.int\/en\/ministerio-de-educacion-mined\/","name":"Ministerio de Educaci\u00f3n (MINED) - Observatorio | Parlacen","isPartOf":{"@id":"https:\/\/observatorio.parlacen.int\/#website"},"primaryImageOfPage":{"@id":"https:\/\/observatorio.parlacen.int\/en\/ministerio-de-educacion-mined\/#primaryimage"},"image":{"@id":"https:\/\/observatorio.parlacen.int\/en\/ministerio-de-educacion-mined\/#primaryimage"},"thumbnailUrl":"https:\/\/observatorio.parlacen.int\/wp-content\/uploads\/2021\/06\/Ministerio-de-Educacion-MINED.jpg","datePublished":"2021-06-15T16:30:15+00:00","dateModified":"2021-06-16T20:37:37+00:00","breadcrumb":{"@id":"https:\/\/observatorio.parlacen.int\/en\/ministerio-de-educacion-mined\/#breadcrumb"},"inLanguage":"en-US","potentialAction":[{"@type":"ReadAction","target":["https:\/\/observatorio.parlacen.int\/en\/ministerio-de-educacion-mined\/"]}]},{"@type":"ImageObject","inLanguage":"en-US","@id":"https:\/\/observatorio.parlacen.int\/en\/ministerio-de-educacion-mined\/#primaryimage","url":"https:\/\/observatorio.parlacen.int\/wp-content\/uploads\/2021\/06\/Ministerio-de-Educacion-MINED.jpg","contentUrl":"https:\/\/observatorio.parlacen.int\/wp-content\/uploads\/2021\/06\/Ministerio-de-Educacion-MINED.jpg","width":225,"height":150},{"@type":"BreadcrumbList","@id":"https:\/\/observatorio.parlacen.int\/en\/ministerio-de-educacion-mined\/#breadcrumb","itemListElement":[{"@type":"ListItem","position":1,"name":"Inicio","item":"https:\/\/observatorio.parlacen.int\/"},{"@type":"ListItem","position":2,"name":"Ministerio de Educaci\u00f3n (MINED)"}]},{"@type":"WebSite","@id":"https:\/\/observatorio.parlacen.int\/#website","url":"https:\/\/observatorio.parlacen.int\/","name":"Observatorio | Parlacen","description":"Observatorio Parlacen","publisher":{"@id":"https:\/\/observatorio.parlacen.int\/#organization"},"potentialAction":[{"@type":"SearchAction","target":{"@type":"EntryPoint","urlTemplate":"https:\/\/observatorio.parlacen.int\/?s={search_term_string}"},"query-input":{"@type":"PropertyValueSpecification","valueRequired":true,"valueName":"search_term_string"}}],"inLanguage":"en-US"},{"@type":"Organization","@id":"https:\/\/observatorio.parlacen.int\/#organization","name":"Observatorio | Parlacen","url":"https:\/\/observatorio.parlacen.int\/","logo":{"@type":"ImageObject","inLanguage":"en-US","@id":"https:\/\/observatorio.parlacen.int\/#\/schema\/logo\/image\/","url":"https:\/\/observatorio.parlacen.int\/wp-content\/uploads\/2022\/07\/LOGO-OBSERVATORIO.png","contentUrl":"https:\/\/observatorio.parlacen.int\/wp-content\/uploads\/2022\/07\/LOGO-OBSERVATORIO.png","width":1027,"height":383,"caption":"Observatorio | Parlacen"},"image":{"@id":"https:\/\/observatorio.parlacen.int\/#\/schema\/logo\/image\/"}},{"@type":"Person","@id":"https:\/\/observatorio.parlacen.int\/#\/schema\/person\/3d8aa7321aa97166e2f907b69045b46d","name":"observatorio","image":{"@type":"ImageObject","inLanguage":"en-US","@id":"https:\/\/secure.gravatar.com\/avatar\/40f99ddd5ba83545c07af25921ed668945b0b135fb073f45af34e6496907db0e?s=96&d=mm&r=g","url":"https:\/\/secure.gravatar.com\/avatar\/40f99ddd5ba83545c07af25921ed668945b0b135fb073f45af34e6496907db0e?s=96&d=mm&r=g","contentUrl":"https:\/\/secure.gravatar.com\/avatar\/40f99ddd5ba83545c07af25921ed668945b0b135fb073f45af34e6496907db0e?s=96&d=mm&r=g","caption":"observatorio"},"sameAs":["https:\/\/observatorio.parlacen.int"],"url":"https:\/\/observatorio.parlacen.int\/en\/author\/observatorio\/"}]}},"_links":{"self":[{"href":"https:\/\/observatorio.parlacen.int\/en\/wp-json\/wp\/v2\/posts\/510","targetHints":{"allow":["GET"]}}],"collection":[{"href":"https:\/\/observatorio.parlacen.int\/en\/wp-json\/wp\/v2\/posts"}],"about":[{"href":"https:\/\/observatorio.parlacen.int\/en\/wp-json\/wp\/v2\/types\/post"}],"author":[{"embeddable":true,"href":"https:\/\/observatorio.parlacen.int\/en\/wp-json\/wp\/v2\/users\/1"}],"replies":[{"embeddable":true,"href":"https:\/\/observatorio.parlacen.int\/en\/wp-json\/wp\/v2\/comments?post=510"}],"version-history":[{"count":2,"href":"https:\/\/observatorio.parlacen.int\/en\/wp-json\/wp\/v2\/posts\/510\/revisions"}],"predecessor-version":[{"id":612,"href":"https:\/\/observatorio.parlacen.int\/en\/wp-json\/wp\/v2\/posts\/510\/revisions\/612"}],"wp:featuredmedia":[{"embeddable":true,"href":"https:\/\/observatorio.parlacen.int\/en\/wp-json\/wp\/v2\/media\/961"}],"wp:attachment":[{"href":"https:\/\/observatorio.parlacen.int\/en\/wp-json\/wp\/v2\/media?parent=510"}],"wp:term":[{"taxonomy":"category","embeddable":true,"href":"https:\/\/observatorio.parlacen.int\/en\/wp-json\/wp\/v2\/categories?post=510"},{"taxonomy":"post_tag","embeddable":true,"href":"https:\/\/observatorio.parlacen.int\/en\/wp-json\/wp\/v2\/tags?post=510"}],"curies":[{"name":"wp","href":"https:\/\/api.w.org\/{rel}","templated":true}]}}