{"id":506,"date":"2021-06-15T16:27:37","date_gmt":"2021-06-15T16:27:37","guid":{"rendered":"http:\/\/gator2115.temp.domains\/~obserrio\/?p=506"},"modified":"2021-06-16T20:36:19","modified_gmt":"2021-06-16T20:36:19","slug":"instituto-salvadoreno-de-rehabilitacion-integral-isri","status":"publish","type":"post","link":"https:\/\/observatorio.parlacen.int\/en\/instituto-salvadoreno-de-rehabilitacion-integral-isri\/","title":{"rendered":"Instituto Salvadore\u00f1o de Rehabilitacion Integral ( ISRI )"},"content":{"rendered":"<p>El Instituto Salvadore\u00f1o de Rehabilitaci\u00f3n Integral (ISRI),es la instituci\u00f3n especializada de tercer nivel de atenci\u00f3n, rectora de la rehabilitacion en el pa\u00eds, cuenta con centros regionales en el occidente, oriente y la capital, que brindan servicios de habilitaci\u00f3n y rehabilitaci\u00f3n integral a las personas con discapacidad en las \u00e1reas f\u00edsicas, intelectuales, sensoriales y psicol\u00f3gicas. El ISRI tiene un portafolio de servicios que busca atender integralmente a las personas con alg\u00fan tipo de discapacidad, dentro de los que se destacan terapias de: lenguaje, educativa, f\u00edsica, terapia musical, ocupacional, sensorial y rehabilitaci\u00f3n funcional. Se prestan servicios m\u00e9dicos y servicios de apoyo en audiolog\u00eda, odontolog\u00eda, optometr\u00eda, psicolog\u00eda, pr\u00f3tesis, \u00f3rtesis, entre otras.El ISRI, cuenta con un modelo de atenci\u00f3n desde un enfoque biopsicosocial, que promueve la inclusi\u00f3n y participaci\u00f3n activa de la familia, a fin de garantizar un abordaje integral de la persona y su familia, en el entorno en el que se desarrollan; realizando esfuerzos en la Rehabilitacion Basada en la Comunidad.<\/p>\n\n\n\n<h5 class=\"wp-block-heading\">Contacto:<\/h5>\n\n\n\n<p><strong>Trabajo:<\/strong> Colonia Costa Rica, Final Av. Iraz\u00fa # 181 San Salvador<br><strong>Tel\u00e9fono Trabajo:<\/strong> PBX (503) 2521 8600<br><strong>Email Trabajo:<\/strong> comunicaciones@isri.gob.sv<br><strong>P\u00e1gina web:<\/strong><a href=\"http:\/\/www.isri.gob.sv\/\" target=\"_blank\" rel=\"noreferrer noopener\"><u>http:\/\/www.isri.gob.sv\/<\/u><\/a><\/p>","protected":false},"excerpt":{"rendered":"<p>El Instituto Salvadore\u00f1o de Rehabilitaci\u00f3n Integral (ISRI),es la instituci\u00f3n especializada de tercer nivel de atenci\u00f3n, rectora de la rehabilitacion en el pa\u00eds, cuenta con centros regionales en el occidente, oriente y la capital, que brindan servicios de habilitaci\u00f3n y rehabilitaci\u00f3n integral a las personas con discapacidad en las \u00e1reas f\u00edsicas, intelectuales, sensoriales y psicol\u00f3gicas. El [&hellip;]<\/p>\n","protected":false},"author":1,"featured_media":959,"comment_status":"open","ping_status":"open","sticky":false,"template":"","format":"standard","meta":{"nf_dc_page":"","om_disable_all_campaigns":false,"site-sidebar-layout":"default","site-content-layout":"default","ast-site-content-layout":"default","site-content-style":"default","site-sidebar-style":"default","ast-global-header-display":"","ast-banner-title-visibility":"","ast-main-header-display":"","ast-hfb-above-header-display":"","ast-hfb-below-header-display":"","ast-hfb-mobile-header-display":"","site-post-title":"","ast-breadcrumbs-content":"","ast-featured-img":"","footer-sml-layout":"","ast-disable-related-posts":"","theme-transparent-header-meta":"default","adv-header-id-meta":"","stick-header-meta":"","header-above-stick-meta":"","header-main-stick-meta":"","header-below-stick-meta":"","astra-migrate-meta-layouts":"default","ast-page-background-enabled":"default","ast-page-background-meta":{"desktop":{"background-color":"","background-image":"","background-repeat":"repeat","background-position":"center center","background-size":"auto","background-attachment":"scroll","background-type":"","background-media":"","overlay-type":"","overlay-color":"","overlay-opacity":"","overlay-gradient":""},"tablet":{"background-color":"","background-image":"","background-repeat":"repeat","background-position":"center center","background-size":"auto","background-attachment":"scroll","background-type":"","background-media":"","overlay-type":"","overlay-color":"","overlay-opacity":"","overlay-gradient":""},"mobile":{"background-color":"","background-image":"","background-repeat":"repeat","background-position":"center center","background-size":"auto","background-attachment":"scroll","background-type":"","background-media":"","overlay-type":"","overlay-color":"","overlay-opacity":"","overlay-gradient":""}},"ast-content-background-meta":{"desktop":{"background-color":"var(--ast-global-color-5)","background-image":"","background-repeat":"repeat","background-position":"center center","background-size":"auto","background-attachment":"scroll","background-type":"","background-media":"","overlay-type":"","overlay-color":"","overlay-opacity":"","overlay-gradient":""},"tablet":{"background-color":"var(--ast-global-color-5)","background-image":"","background-repeat":"repeat","background-position":"center center","background-size":"auto","background-attachment":"scroll","background-type":"","background-media":"","overlay-type":"","overlay-color":"","overlay-opacity":"","overlay-gradient":""},"mobile":{"background-color":"var(--ast-global-color-5)","background-image":"","background-repeat":"repeat","background-position":"center center","background-size":"auto","background-attachment":"scroll","background-type":"","background-media":"","overlay-type":"","overlay-color":"","overlay-opacity":"","overlay-gradient":""}},"footnotes":""},"categories":[12],"tags":[13],"class_list":["post-506","post","type-post","status-publish","format-standard","has-post-thumbnail","hentry","category-el-salvador","tag-el-salvador-directorio"],"yoast_head":"<!-- This site is optimized with the Yoast SEO plugin v27.5 - https:\/\/yoast.com\/product\/yoast-seo-wordpress\/ -->\n<title>Instituto Salvadore\u00f1o de Rehabilitacion Integral ( ISRI ) - Observatorio | Parlacen<\/title>\n<meta name=\"robots\" content=\"index, follow, max-snippet:-1, max-image-preview:large, max-video-preview:-1\" \/>\n<link rel=\"canonical\" href=\"https:\/\/observatorio.parlacen.int\/en\/instituto-salvadoreno-de-rehabilitacion-integral-isri\/\" \/>\n<meta property=\"og:locale\" content=\"en_US\" \/>\n<meta property=\"og:type\" content=\"article\" \/>\n<meta property=\"og:title\" content=\"Instituto Salvadore\u00f1o de Rehabilitacion Integral ( ISRI ) - Observatorio | Parlacen\" \/>\n<meta property=\"og:description\" content=\"El Instituto Salvadore\u00f1o de Rehabilitaci\u00f3n Integral (ISRI),es la instituci\u00f3n especializada de tercer nivel de atenci\u00f3n, rectora de la rehabilitacion en el pa\u00eds, cuenta con centros regionales en el occidente, oriente y la capital, que brindan servicios de habilitaci\u00f3n y rehabilitaci\u00f3n integral a las personas con discapacidad en las \u00e1reas f\u00edsicas, intelectuales, sensoriales y psicol\u00f3gicas. El [&hellip;]\" \/>\n<meta property=\"og:url\" content=\"https:\/\/observatorio.parlacen.int\/en\/instituto-salvadoreno-de-rehabilitacion-integral-isri\/\" \/>\n<meta property=\"og:site_name\" content=\"Observatorio | Parlacen\" \/>\n<meta property=\"article:published_time\" content=\"2021-06-15T16:27:37+00:00\" \/>\n<meta property=\"article:modified_time\" content=\"2021-06-16T20:36:19+00:00\" \/>\n<meta property=\"og:image\" content=\"https:\/\/observatorio.parlacen.int\/wp-content\/uploads\/2021\/06\/Instituto-Salvadoreno-de-Rehabilitacion-IntegralISRI.jpg\" \/>\n\t<meta property=\"og:image:width\" content=\"225\" \/>\n\t<meta property=\"og:image:height\" content=\"150\" \/>\n\t<meta property=\"og:image:type\" content=\"image\/jpeg\" \/>\n<meta name=\"author\" content=\"observatorio\" \/>\n<meta name=\"twitter:card\" content=\"summary_large_image\" \/>\n<meta name=\"twitter:label1\" content=\"Written by\" \/>\n\t<meta name=\"twitter:data1\" content=\"observatorio\" \/>\n\t<meta name=\"twitter:label2\" content=\"Est. reading time\" \/>\n\t<meta name=\"twitter:data2\" content=\"1 minute\" \/>\n<script type=\"application\/ld+json\" class=\"yoast-schema-graph\">{\"@context\":\"https:\\\/\\\/schema.org\",\"@graph\":[{\"@type\":\"Article\",\"@id\":\"https:\\\/\\\/observatorio.parlacen.int\\\/instituto-salvadoreno-de-rehabilitacion-integral-isri\\\/#article\",\"isPartOf\":{\"@id\":\"https:\\\/\\\/observatorio.parlacen.int\\\/instituto-salvadoreno-de-rehabilitacion-integral-isri\\\/\"},\"author\":{\"name\":\"observatorio\",\"@id\":\"https:\\\/\\\/observatorio.parlacen.int\\\/#\\\/schema\\\/person\\\/3d8aa7321aa97166e2f907b69045b46d\"},\"headline\":\"Instituto Salvadore\u00f1o de Rehabilitacion Integral ( ISRI )\",\"datePublished\":\"2021-06-15T16:27:37+00:00\",\"dateModified\":\"2021-06-16T20:36:19+00:00\",\"mainEntityOfPage\":{\"@id\":\"https:\\\/\\\/observatorio.parlacen.int\\\/instituto-salvadoreno-de-rehabilitacion-integral-isri\\\/\"},\"wordCount\":217,\"commentCount\":0,\"publisher\":{\"@id\":\"https:\\\/\\\/observatorio.parlacen.int\\\/#organization\"},\"image\":{\"@id\":\"https:\\\/\\\/observatorio.parlacen.int\\\/instituto-salvadoreno-de-rehabilitacion-integral-isri\\\/#primaryimage\"},\"thumbnailUrl\":\"https:\\\/\\\/observatorio.parlacen.int\\\/wp-content\\\/uploads\\\/2021\\\/06\\\/Instituto-Salvadoreno-de-Rehabilitacion-IntegralISRI.jpg\",\"keywords\":[\"El Salvador Directorio\"],\"articleSection\":[\"El Salvador\"],\"inLanguage\":\"en-US\",\"potentialAction\":[{\"@type\":\"CommentAction\",\"name\":\"Comment\",\"target\":[\"https:\\\/\\\/observatorio.parlacen.int\\\/instituto-salvadoreno-de-rehabilitacion-integral-isri\\\/#respond\"]}]},{\"@type\":\"WebPage\",\"@id\":\"https:\\\/\\\/observatorio.parlacen.int\\\/instituto-salvadoreno-de-rehabilitacion-integral-isri\\\/\",\"url\":\"https:\\\/\\\/observatorio.parlacen.int\\\/instituto-salvadoreno-de-rehabilitacion-integral-isri\\\/\",\"name\":\"Instituto Salvadore\u00f1o de Rehabilitacion Integral ( ISRI ) - Observatorio | Parlacen\",\"isPartOf\":{\"@id\":\"https:\\\/\\\/observatorio.parlacen.int\\\/#website\"},\"primaryImageOfPage\":{\"@id\":\"https:\\\/\\\/observatorio.parlacen.int\\\/instituto-salvadoreno-de-rehabilitacion-integral-isri\\\/#primaryimage\"},\"image\":{\"@id\":\"https:\\\/\\\/observatorio.parlacen.int\\\/instituto-salvadoreno-de-rehabilitacion-integral-isri\\\/#primaryimage\"},\"thumbnailUrl\":\"https:\\\/\\\/observatorio.parlacen.int\\\/wp-content\\\/uploads\\\/2021\\\/06\\\/Instituto-Salvadoreno-de-Rehabilitacion-IntegralISRI.jpg\",\"datePublished\":\"2021-06-15T16:27:37+00:00\",\"dateModified\":\"2021-06-16T20:36:19+00:00\",\"breadcrumb\":{\"@id\":\"https:\\\/\\\/observatorio.parlacen.int\\\/instituto-salvadoreno-de-rehabilitacion-integral-isri\\\/#breadcrumb\"},\"inLanguage\":\"en-US\",\"potentialAction\":[{\"@type\":\"ReadAction\",\"target\":[\"https:\\\/\\\/observatorio.parlacen.int\\\/instituto-salvadoreno-de-rehabilitacion-integral-isri\\\/\"]}]},{\"@type\":\"ImageObject\",\"inLanguage\":\"en-US\",\"@id\":\"https:\\\/\\\/observatorio.parlacen.int\\\/instituto-salvadoreno-de-rehabilitacion-integral-isri\\\/#primaryimage\",\"url\":\"https:\\\/\\\/observatorio.parlacen.int\\\/wp-content\\\/uploads\\\/2021\\\/06\\\/Instituto-Salvadoreno-de-Rehabilitacion-IntegralISRI.jpg\",\"contentUrl\":\"https:\\\/\\\/observatorio.parlacen.int\\\/wp-content\\\/uploads\\\/2021\\\/06\\\/Instituto-Salvadoreno-de-Rehabilitacion-IntegralISRI.jpg\",\"width\":225,\"height\":150},{\"@type\":\"BreadcrumbList\",\"@id\":\"https:\\\/\\\/observatorio.parlacen.int\\\/instituto-salvadoreno-de-rehabilitacion-integral-isri\\\/#breadcrumb\",\"itemListElement\":[{\"@type\":\"ListItem\",\"position\":1,\"name\":\"Inicio\",\"item\":\"https:\\\/\\\/observatorio.parlacen.int\\\/\"},{\"@type\":\"ListItem\",\"position\":2,\"name\":\"Instituto Salvadore\u00f1o de Rehabilitacion Integral ( ISRI )\"}]},{\"@type\":\"WebSite\",\"@id\":\"https:\\\/\\\/observatorio.parlacen.int\\\/#website\",\"url\":\"https:\\\/\\\/observatorio.parlacen.int\\\/\",\"name\":\"Observatorio | Parlacen\",\"description\":\"Observatorio Parlacen\",\"publisher\":{\"@id\":\"https:\\\/\\\/observatorio.parlacen.int\\\/#organization\"},\"potentialAction\":[{\"@type\":\"SearchAction\",\"target\":{\"@type\":\"EntryPoint\",\"urlTemplate\":\"https:\\\/\\\/observatorio.parlacen.int\\\/?s={search_term_string}\"},\"query-input\":{\"@type\":\"PropertyValueSpecification\",\"valueRequired\":true,\"valueName\":\"search_term_string\"}}],\"inLanguage\":\"en-US\"},{\"@type\":\"Organization\",\"@id\":\"https:\\\/\\\/observatorio.parlacen.int\\\/#organization\",\"name\":\"Observatorio | Parlacen\",\"url\":\"https:\\\/\\\/observatorio.parlacen.int\\\/\",\"logo\":{\"@type\":\"ImageObject\",\"inLanguage\":\"en-US\",\"@id\":\"https:\\\/\\\/observatorio.parlacen.int\\\/#\\\/schema\\\/logo\\\/image\\\/\",\"url\":\"https:\\\/\\\/observatorio.parlacen.int\\\/wp-content\\\/uploads\\\/2022\\\/07\\\/LOGO-OBSERVATORIO.png\",\"contentUrl\":\"https:\\\/\\\/observatorio.parlacen.int\\\/wp-content\\\/uploads\\\/2022\\\/07\\\/LOGO-OBSERVATORIO.png\",\"width\":1027,\"height\":383,\"caption\":\"Observatorio | Parlacen\"},\"image\":{\"@id\":\"https:\\\/\\\/observatorio.parlacen.int\\\/#\\\/schema\\\/logo\\\/image\\\/\"}},{\"@type\":\"Person\",\"@id\":\"https:\\\/\\\/observatorio.parlacen.int\\\/#\\\/schema\\\/person\\\/3d8aa7321aa97166e2f907b69045b46d\",\"name\":\"observatorio\",\"image\":{\"@type\":\"ImageObject\",\"inLanguage\":\"en-US\",\"@id\":\"https:\\\/\\\/secure.gravatar.com\\\/avatar\\\/40f99ddd5ba83545c07af25921ed668945b0b135fb073f45af34e6496907db0e?s=96&d=mm&r=g\",\"url\":\"https:\\\/\\\/secure.gravatar.com\\\/avatar\\\/40f99ddd5ba83545c07af25921ed668945b0b135fb073f45af34e6496907db0e?s=96&d=mm&r=g\",\"contentUrl\":\"https:\\\/\\\/secure.gravatar.com\\\/avatar\\\/40f99ddd5ba83545c07af25921ed668945b0b135fb073f45af34e6496907db0e?s=96&d=mm&r=g\",\"caption\":\"observatorio\"},\"sameAs\":[\"https:\\\/\\\/observatorio.parlacen.int\"],\"url\":\"https:\\\/\\\/observatorio.parlacen.int\\\/en\\\/author\\\/observatorio\\\/\"}]}<\/script>\n<!-- \/ Yoast SEO plugin. -->","yoast_head_json":{"title":"Instituto Salvadore\u00f1o de Rehabilitacion Integral ( ISRI ) - Observatorio | Parlacen","robots":{"index":"index","follow":"follow","max-snippet":"max-snippet:-1","max-image-preview":"max-image-preview:large","max-video-preview":"max-video-preview:-1"},"canonical":"https:\/\/observatorio.parlacen.int\/en\/instituto-salvadoreno-de-rehabilitacion-integral-isri\/","og_locale":"en_US","og_type":"article","og_title":"Instituto Salvadore\u00f1o de Rehabilitacion Integral ( ISRI ) - Observatorio | Parlacen","og_description":"El Instituto Salvadore\u00f1o de Rehabilitaci\u00f3n Integral (ISRI),es la instituci\u00f3n especializada de tercer nivel de atenci\u00f3n, rectora de la rehabilitacion en el pa\u00eds, cuenta con centros regionales en el occidente, oriente y la capital, que brindan servicios de habilitaci\u00f3n y rehabilitaci\u00f3n integral a las personas con discapacidad en las \u00e1reas f\u00edsicas, intelectuales, sensoriales y psicol\u00f3gicas. El [&hellip;]","og_url":"https:\/\/observatorio.parlacen.int\/en\/instituto-salvadoreno-de-rehabilitacion-integral-isri\/","og_site_name":"Observatorio | Parlacen","article_published_time":"2021-06-15T16:27:37+00:00","article_modified_time":"2021-06-16T20:36:19+00:00","og_image":[{"width":225,"height":150,"url":"https:\/\/observatorio.parlacen.int\/wp-content\/uploads\/2021\/06\/Instituto-Salvadoreno-de-Rehabilitacion-IntegralISRI.jpg","type":"image\/jpeg"}],"author":"observatorio","twitter_card":"summary_large_image","twitter_misc":{"Written by":"observatorio","Est. reading time":"1 minute"},"schema":{"@context":"https:\/\/schema.org","@graph":[{"@type":"Article","@id":"https:\/\/observatorio.parlacen.int\/instituto-salvadoreno-de-rehabilitacion-integral-isri\/#article","isPartOf":{"@id":"https:\/\/observatorio.parlacen.int\/instituto-salvadoreno-de-rehabilitacion-integral-isri\/"},"author":{"name":"observatorio","@id":"https:\/\/observatorio.parlacen.int\/#\/schema\/person\/3d8aa7321aa97166e2f907b69045b46d"},"headline":"Instituto Salvadore\u00f1o de Rehabilitacion Integral ( ISRI )","datePublished":"2021-06-15T16:27:37+00:00","dateModified":"2021-06-16T20:36:19+00:00","mainEntityOfPage":{"@id":"https:\/\/observatorio.parlacen.int\/instituto-salvadoreno-de-rehabilitacion-integral-isri\/"},"wordCount":217,"commentCount":0,"publisher":{"@id":"https:\/\/observatorio.parlacen.int\/#organization"},"image":{"@id":"https:\/\/observatorio.parlacen.int\/instituto-salvadoreno-de-rehabilitacion-integral-isri\/#primaryimage"},"thumbnailUrl":"https:\/\/observatorio.parlacen.int\/wp-content\/uploads\/2021\/06\/Instituto-Salvadoreno-de-Rehabilitacion-IntegralISRI.jpg","keywords":["El Salvador Directorio"],"articleSection":["El Salvador"],"inLanguage":"en-US","potentialAction":[{"@type":"CommentAction","name":"Comment","target":["https:\/\/observatorio.parlacen.int\/instituto-salvadoreno-de-rehabilitacion-integral-isri\/#respond"]}]},{"@type":"WebPage","@id":"https:\/\/observatorio.parlacen.int\/instituto-salvadoreno-de-rehabilitacion-integral-isri\/","url":"https:\/\/observatorio.parlacen.int\/instituto-salvadoreno-de-rehabilitacion-integral-isri\/","name":"Instituto Salvadore\u00f1o de Rehabilitacion Integral ( ISRI ) - Observatorio | Parlacen","isPartOf":{"@id":"https:\/\/observatorio.parlacen.int\/#website"},"primaryImageOfPage":{"@id":"https:\/\/observatorio.parlacen.int\/instituto-salvadoreno-de-rehabilitacion-integral-isri\/#primaryimage"},"image":{"@id":"https:\/\/observatorio.parlacen.int\/instituto-salvadoreno-de-rehabilitacion-integral-isri\/#primaryimage"},"thumbnailUrl":"https:\/\/observatorio.parlacen.int\/wp-content\/uploads\/2021\/06\/Instituto-Salvadoreno-de-Rehabilitacion-IntegralISRI.jpg","datePublished":"2021-06-15T16:27:37+00:00","dateModified":"2021-06-16T20:36:19+00:00","breadcrumb":{"@id":"https:\/\/observatorio.parlacen.int\/instituto-salvadoreno-de-rehabilitacion-integral-isri\/#breadcrumb"},"inLanguage":"en-US","potentialAction":[{"@type":"ReadAction","target":["https:\/\/observatorio.parlacen.int\/instituto-salvadoreno-de-rehabilitacion-integral-isri\/"]}]},{"@type":"ImageObject","inLanguage":"en-US","@id":"https:\/\/observatorio.parlacen.int\/instituto-salvadoreno-de-rehabilitacion-integral-isri\/#primaryimage","url":"https:\/\/observatorio.parlacen.int\/wp-content\/uploads\/2021\/06\/Instituto-Salvadoreno-de-Rehabilitacion-IntegralISRI.jpg","contentUrl":"https:\/\/observatorio.parlacen.int\/wp-content\/uploads\/2021\/06\/Instituto-Salvadoreno-de-Rehabilitacion-IntegralISRI.jpg","width":225,"height":150},{"@type":"BreadcrumbList","@id":"https:\/\/observatorio.parlacen.int\/instituto-salvadoreno-de-rehabilitacion-integral-isri\/#breadcrumb","itemListElement":[{"@type":"ListItem","position":1,"name":"Inicio","item":"https:\/\/observatorio.parlacen.int\/"},{"@type":"ListItem","position":2,"name":"Instituto Salvadore\u00f1o de Rehabilitacion Integral ( ISRI )"}]},{"@type":"WebSite","@id":"https:\/\/observatorio.parlacen.int\/#website","url":"https:\/\/observatorio.parlacen.int\/","name":"Observatorio | Parlacen","description":"Observatorio Parlacen","publisher":{"@id":"https:\/\/observatorio.parlacen.int\/#organization"},"potentialAction":[{"@type":"SearchAction","target":{"@type":"EntryPoint","urlTemplate":"https:\/\/observatorio.parlacen.int\/?s={search_term_string}"},"query-input":{"@type":"PropertyValueSpecification","valueRequired":true,"valueName":"search_term_string"}}],"inLanguage":"en-US"},{"@type":"Organization","@id":"https:\/\/observatorio.parlacen.int\/#organization","name":"Observatorio | Parlacen","url":"https:\/\/observatorio.parlacen.int\/","logo":{"@type":"ImageObject","inLanguage":"en-US","@id":"https:\/\/observatorio.parlacen.int\/#\/schema\/logo\/image\/","url":"https:\/\/observatorio.parlacen.int\/wp-content\/uploads\/2022\/07\/LOGO-OBSERVATORIO.png","contentUrl":"https:\/\/observatorio.parlacen.int\/wp-content\/uploads\/2022\/07\/LOGO-OBSERVATORIO.png","width":1027,"height":383,"caption":"Observatorio | Parlacen"},"image":{"@id":"https:\/\/observatorio.parlacen.int\/#\/schema\/logo\/image\/"}},{"@type":"Person","@id":"https:\/\/observatorio.parlacen.int\/#\/schema\/person\/3d8aa7321aa97166e2f907b69045b46d","name":"observatorio","image":{"@type":"ImageObject","inLanguage":"en-US","@id":"https:\/\/secure.gravatar.com\/avatar\/40f99ddd5ba83545c07af25921ed668945b0b135fb073f45af34e6496907db0e?s=96&d=mm&r=g","url":"https:\/\/secure.gravatar.com\/avatar\/40f99ddd5ba83545c07af25921ed668945b0b135fb073f45af34e6496907db0e?s=96&d=mm&r=g","contentUrl":"https:\/\/secure.gravatar.com\/avatar\/40f99ddd5ba83545c07af25921ed668945b0b135fb073f45af34e6496907db0e?s=96&d=mm&r=g","caption":"observatorio"},"sameAs":["https:\/\/observatorio.parlacen.int"],"url":"https:\/\/observatorio.parlacen.int\/en\/author\/observatorio\/"}]}},"_links":{"self":[{"href":"https:\/\/observatorio.parlacen.int\/en\/wp-json\/wp\/v2\/posts\/506","targetHints":{"allow":["GET"]}}],"collection":[{"href":"https:\/\/observatorio.parlacen.int\/en\/wp-json\/wp\/v2\/posts"}],"about":[{"href":"https:\/\/observatorio.parlacen.int\/en\/wp-json\/wp\/v2\/types\/post"}],"author":[{"embeddable":true,"href":"https:\/\/observatorio.parlacen.int\/en\/wp-json\/wp\/v2\/users\/1"}],"replies":[{"embeddable":true,"href":"https:\/\/observatorio.parlacen.int\/en\/wp-json\/wp\/v2\/comments?post=506"}],"version-history":[{"count":2,"href":"https:\/\/observatorio.parlacen.int\/en\/wp-json\/wp\/v2\/posts\/506\/revisions"}],"predecessor-version":[{"id":614,"href":"https:\/\/observatorio.parlacen.int\/en\/wp-json\/wp\/v2\/posts\/506\/revisions\/614"}],"wp:featuredmedia":[{"embeddable":true,"href":"https:\/\/observatorio.parlacen.int\/en\/wp-json\/wp\/v2\/media\/959"}],"wp:attachment":[{"href":"https:\/\/observatorio.parlacen.int\/en\/wp-json\/wp\/v2\/media?parent=506"}],"wp:term":[{"taxonomy":"category","embeddable":true,"href":"https:\/\/observatorio.parlacen.int\/en\/wp-json\/wp\/v2\/categories?post=506"},{"taxonomy":"post_tag","embeddable":true,"href":"https:\/\/observatorio.parlacen.int\/en\/wp-json\/wp\/v2\/tags?post=506"}],"curies":[{"name":"wp","href":"https:\/\/api.w.org\/{rel}","templated":true}]}}