{"id":500,"date":"2021-06-15T16:23:58","date_gmt":"2021-06-15T16:23:58","guid":{"rendered":"http:\/\/gator2115.temp.domains\/~obserrio\/?p=500"},"modified":"2021-06-16T20:33:51","modified_gmt":"2021-06-16T20:33:51","slug":"consejo-nacional-de-atencion-integral-a-las-personas-con-discapacidad","status":"publish","type":"post","link":"https:\/\/observatorio.parlacen.int\/en\/consejo-nacional-de-atencion-integral-a-las-personas-con-discapacidad\/","title":{"rendered":"Consejo nacional de atenci\u00f3n integral a las personas con discapacidad"},"content":{"rendered":"<p>Ente encargado de la reglamentacion de las leyes sobre la Discapacidad en el pais y coordinacion de las instituciones que accionan los programas de servicios a los discapacitados<\/p>\n\n\n\n<h5 class=\"wp-block-heading\">Contacto:<\/h5>\n\n\n\n<p><strong>Trabajo:<\/strong> Pol\u00edgono Industrial, Plan de La Laguna, Lote 20 Antiguo Cuscatl\u00e1n La Libertad El Salvado<br><strong>Tel\u00e9fono Trabajo:<\/strong> PBX: (503) 2511-6700<br><strong>FAX Trabajo:<\/strong> (503) 2511-6712<br><strong>Email Trabajo:<\/strong> recepcion@conaipd.gob.sv<br><strong>P\u00e1gina web:<\/strong><a href=\"http:\/\/www.conaipd.gob.sv\/\" target=\"_blank\" rel=\"noreferrer noopener\"><u>http:\/\/www.conaipd.gob.sv\/<\/u><\/a><\/p>","protected":false},"excerpt":{"rendered":"<p>Ente encargado de la reglamentacion de las leyes sobre la Discapacidad en el pais y coordinacion de las instituciones que accionan los programas de servicios a los discapacitados Contacto: Trabajo: Pol\u00edgono Industrial, Plan de La Laguna, Lote 20 Antiguo Cuscatl\u00e1n La Libertad El SalvadoTel\u00e9fono Trabajo: PBX: (503) 2511-6700FAX Trabajo: (503) 2511-6712Email Trabajo: recepcion@conaipd.gob.svP\u00e1gina web:http:\/\/www.conaipd.gob.sv\/<\/p>","protected":false},"author":1,"featured_media":956,"comment_status":"open","ping_status":"open","sticky":false,"template":"","format":"standard","meta":{"nf_dc_page":"","om_disable_all_campaigns":false,"site-sidebar-layout":"default","site-content-layout":"default","ast-site-content-layout":"default","site-content-style":"default","site-sidebar-style":"default","ast-global-header-display":"","ast-banner-title-visibility":"","ast-main-header-display":"","ast-hfb-above-header-display":"","ast-hfb-below-header-display":"","ast-hfb-mobile-header-display":"","site-post-title":"","ast-breadcrumbs-content":"","ast-featured-img":"","footer-sml-layout":"","ast-disable-related-posts":"","theme-transparent-header-meta":"default","adv-header-id-meta":"","stick-header-meta":"","header-above-stick-meta":"","header-main-stick-meta":"","header-below-stick-meta":"","astra-migrate-meta-layouts":"default","ast-page-background-enabled":"default","ast-page-background-meta":{"desktop":{"background-color":"","background-image":"","background-repeat":"repeat","background-position":"center center","background-size":"auto","background-attachment":"scroll","background-type":"","background-media":"","overlay-type":"","overlay-color":"","overlay-opacity":"","overlay-gradient":""},"tablet":{"background-color":"","background-image":"","background-repeat":"repeat","background-position":"center center","background-size":"auto","background-attachment":"scroll","background-type":"","background-media":"","overlay-type":"","overlay-color":"","overlay-opacity":"","overlay-gradient":""},"mobile":{"background-color":"","background-image":"","background-repeat":"repeat","background-position":"center center","background-size":"auto","background-attachment":"scroll","background-type":"","background-media":"","overlay-type":"","overlay-color":"","overlay-opacity":"","overlay-gradient":""}},"ast-content-background-meta":{"desktop":{"background-color":"var(--ast-global-color-5)","background-image":"","background-repeat":"repeat","background-position":"center center","background-size":"auto","background-attachment":"scroll","background-type":"","background-media":"","overlay-type":"","overlay-color":"","overlay-opacity":"","overlay-gradient":""},"tablet":{"background-color":"var(--ast-global-color-5)","background-image":"","background-repeat":"repeat","background-position":"center center","background-size":"auto","background-attachment":"scroll","background-type":"","background-media":"","overlay-type":"","overlay-color":"","overlay-opacity":"","overlay-gradient":""},"mobile":{"background-color":"var(--ast-global-color-5)","background-image":"","background-repeat":"repeat","background-position":"center center","background-size":"auto","background-attachment":"scroll","background-type":"","background-media":"","overlay-type":"","overlay-color":"","overlay-opacity":"","overlay-gradient":""}},"footnotes":""},"categories":[12],"tags":[13],"class_list":["post-500","post","type-post","status-publish","format-standard","has-post-thumbnail","hentry","category-el-salvador","tag-el-salvador-directorio"],"yoast_head":"<!-- This site is optimized with the Yoast SEO plugin v27.5 - https:\/\/yoast.com\/product\/yoast-seo-wordpress\/ -->\n<title>Consejo nacional de atenci\u00f3n integral a las personas con discapacidad - Observatorio | Parlacen<\/title>\n<meta name=\"robots\" content=\"index, follow, max-snippet:-1, max-image-preview:large, max-video-preview:-1\" \/>\n<link rel=\"canonical\" href=\"https:\/\/observatorio.parlacen.int\/en\/consejo-nacional-de-atencion-integral-a-las-personas-con-discapacidad\/\" \/>\n<meta property=\"og:locale\" content=\"en_US\" \/>\n<meta property=\"og:type\" content=\"article\" \/>\n<meta property=\"og:title\" content=\"Consejo nacional de atenci\u00f3n integral a las personas con discapacidad - Observatorio | Parlacen\" \/>\n<meta property=\"og:description\" content=\"Ente encargado de la reglamentacion de las leyes sobre la Discapacidad en el pais y coordinacion de las instituciones que accionan los programas de servicios a los discapacitados Contacto: Trabajo: Pol\u00edgono Industrial, Plan de La Laguna, Lote 20 Antiguo Cuscatl\u00e1n La Libertad El SalvadoTel\u00e9fono Trabajo: PBX: (503) 2511-6700FAX Trabajo: (503) 2511-6712Email Trabajo: recepcion@conaipd.gob.svP\u00e1gina web:http:\/\/www.conaipd.gob.sv\/\" \/>\n<meta property=\"og:url\" content=\"https:\/\/observatorio.parlacen.int\/en\/consejo-nacional-de-atencion-integral-a-las-personas-con-discapacidad\/\" \/>\n<meta property=\"og:site_name\" content=\"Observatorio | Parlacen\" \/>\n<meta property=\"article:published_time\" content=\"2021-06-15T16:23:58+00:00\" \/>\n<meta property=\"article:modified_time\" content=\"2021-06-16T20:33:51+00:00\" \/>\n<meta property=\"og:image\" content=\"https:\/\/observatorio.parlacen.int\/wp-content\/uploads\/2021\/06\/conaipd-a4061c8597a2c4673a8aeeb58ff2499d@2x.png\" \/>\n\t<meta property=\"og:image:width\" content=\"470\" \/>\n\t<meta property=\"og:image:height\" content=\"300\" \/>\n\t<meta property=\"og:image:type\" content=\"image\/png\" \/>\n<meta name=\"author\" content=\"observatorio\" \/>\n<meta name=\"twitter:card\" content=\"summary_large_image\" \/>\n<meta name=\"twitter:label1\" content=\"Written by\" \/>\n\t<meta name=\"twitter:data1\" content=\"observatorio\" \/>\n\t<meta name=\"twitter:label2\" content=\"Est. reading time\" \/>\n\t<meta name=\"twitter:data2\" content=\"1 minute\" \/>\n<script type=\"application\/ld+json\" class=\"yoast-schema-graph\">{\"@context\":\"https:\\\/\\\/schema.org\",\"@graph\":[{\"@type\":\"Article\",\"@id\":\"https:\\\/\\\/observatorio.parlacen.int\\\/en\\\/consejo-nacional-de-atencion-integral-a-las-personas-con-discapacidad\\\/#article\",\"isPartOf\":{\"@id\":\"https:\\\/\\\/observatorio.parlacen.int\\\/en\\\/consejo-nacional-de-atencion-integral-a-las-personas-con-discapacidad\\\/\"},\"author\":{\"name\":\"observatorio\",\"@id\":\"https:\\\/\\\/observatorio.parlacen.int\\\/#\\\/schema\\\/person\\\/3d8aa7321aa97166e2f907b69045b46d\"},\"headline\":\"Consejo nacional de atenci\u00f3n integral a las personas con discapacidad\",\"datePublished\":\"2021-06-15T16:23:58+00:00\",\"dateModified\":\"2021-06-16T20:33:51+00:00\",\"mainEntityOfPage\":{\"@id\":\"https:\\\/\\\/observatorio.parlacen.int\\\/en\\\/consejo-nacional-de-atencion-integral-a-las-personas-con-discapacidad\\\/\"},\"wordCount\":78,\"commentCount\":0,\"publisher\":{\"@id\":\"https:\\\/\\\/observatorio.parlacen.int\\\/#organization\"},\"image\":{\"@id\":\"https:\\\/\\\/observatorio.parlacen.int\\\/en\\\/consejo-nacional-de-atencion-integral-a-las-personas-con-discapacidad\\\/#primaryimage\"},\"thumbnailUrl\":\"https:\\\/\\\/observatorio.parlacen.int\\\/wp-content\\\/uploads\\\/2021\\\/06\\\/conaipd-a4061c8597a2c4673a8aeeb58ff2499d@2x.png\",\"keywords\":[\"El Salvador Directorio\"],\"articleSection\":[\"El Salvador\"],\"inLanguage\":\"en-US\",\"potentialAction\":[{\"@type\":\"CommentAction\",\"name\":\"Comment\",\"target\":[\"https:\\\/\\\/observatorio.parlacen.int\\\/en\\\/consejo-nacional-de-atencion-integral-a-las-personas-con-discapacidad\\\/#respond\"]}]},{\"@type\":\"WebPage\",\"@id\":\"https:\\\/\\\/observatorio.parlacen.int\\\/en\\\/consejo-nacional-de-atencion-integral-a-las-personas-con-discapacidad\\\/\",\"url\":\"https:\\\/\\\/observatorio.parlacen.int\\\/en\\\/consejo-nacional-de-atencion-integral-a-las-personas-con-discapacidad\\\/\",\"name\":\"Consejo nacional de atenci\u00f3n integral a las personas con discapacidad - Observatorio | Parlacen\",\"isPartOf\":{\"@id\":\"https:\\\/\\\/observatorio.parlacen.int\\\/#website\"},\"primaryImageOfPage\":{\"@id\":\"https:\\\/\\\/observatorio.parlacen.int\\\/en\\\/consejo-nacional-de-atencion-integral-a-las-personas-con-discapacidad\\\/#primaryimage\"},\"image\":{\"@id\":\"https:\\\/\\\/observatorio.parlacen.int\\\/en\\\/consejo-nacional-de-atencion-integral-a-las-personas-con-discapacidad\\\/#primaryimage\"},\"thumbnailUrl\":\"https:\\\/\\\/observatorio.parlacen.int\\\/wp-content\\\/uploads\\\/2021\\\/06\\\/conaipd-a4061c8597a2c4673a8aeeb58ff2499d@2x.png\",\"datePublished\":\"2021-06-15T16:23:58+00:00\",\"dateModified\":\"2021-06-16T20:33:51+00:00\",\"breadcrumb\":{\"@id\":\"https:\\\/\\\/observatorio.parlacen.int\\\/en\\\/consejo-nacional-de-atencion-integral-a-las-personas-con-discapacidad\\\/#breadcrumb\"},\"inLanguage\":\"en-US\",\"potentialAction\":[{\"@type\":\"ReadAction\",\"target\":[\"https:\\\/\\\/observatorio.parlacen.int\\\/en\\\/consejo-nacional-de-atencion-integral-a-las-personas-con-discapacidad\\\/\"]}]},{\"@type\":\"ImageObject\",\"inLanguage\":\"en-US\",\"@id\":\"https:\\\/\\\/observatorio.parlacen.int\\\/en\\\/consejo-nacional-de-atencion-integral-a-las-personas-con-discapacidad\\\/#primaryimage\",\"url\":\"https:\\\/\\\/observatorio.parlacen.int\\\/wp-content\\\/uploads\\\/2021\\\/06\\\/conaipd-a4061c8597a2c4673a8aeeb58ff2499d@2x.png\",\"contentUrl\":\"https:\\\/\\\/observatorio.parlacen.int\\\/wp-content\\\/uploads\\\/2021\\\/06\\\/conaipd-a4061c8597a2c4673a8aeeb58ff2499d@2x.png\",\"width\":470,\"height\":300},{\"@type\":\"BreadcrumbList\",\"@id\":\"https:\\\/\\\/observatorio.parlacen.int\\\/en\\\/consejo-nacional-de-atencion-integral-a-las-personas-con-discapacidad\\\/#breadcrumb\",\"itemListElement\":[{\"@type\":\"ListItem\",\"position\":1,\"name\":\"Inicio\",\"item\":\"https:\\\/\\\/observatorio.parlacen.int\\\/\"},{\"@type\":\"ListItem\",\"position\":2,\"name\":\"Consejo nacional de atenci\u00f3n integral a las personas con discapacidad\"}]},{\"@type\":\"WebSite\",\"@id\":\"https:\\\/\\\/observatorio.parlacen.int\\\/#website\",\"url\":\"https:\\\/\\\/observatorio.parlacen.int\\\/\",\"name\":\"Observatorio | Parlacen\",\"description\":\"Observatorio Parlacen\",\"publisher\":{\"@id\":\"https:\\\/\\\/observatorio.parlacen.int\\\/#organization\"},\"potentialAction\":[{\"@type\":\"SearchAction\",\"target\":{\"@type\":\"EntryPoint\",\"urlTemplate\":\"https:\\\/\\\/observatorio.parlacen.int\\\/?s={search_term_string}\"},\"query-input\":{\"@type\":\"PropertyValueSpecification\",\"valueRequired\":true,\"valueName\":\"search_term_string\"}}],\"inLanguage\":\"en-US\"},{\"@type\":\"Organization\",\"@id\":\"https:\\\/\\\/observatorio.parlacen.int\\\/#organization\",\"name\":\"Observatorio | Parlacen\",\"url\":\"https:\\\/\\\/observatorio.parlacen.int\\\/\",\"logo\":{\"@type\":\"ImageObject\",\"inLanguage\":\"en-US\",\"@id\":\"https:\\\/\\\/observatorio.parlacen.int\\\/#\\\/schema\\\/logo\\\/image\\\/\",\"url\":\"https:\\\/\\\/observatorio.parlacen.int\\\/wp-content\\\/uploads\\\/2022\\\/07\\\/LOGO-OBSERVATORIO.png\",\"contentUrl\":\"https:\\\/\\\/observatorio.parlacen.int\\\/wp-content\\\/uploads\\\/2022\\\/07\\\/LOGO-OBSERVATORIO.png\",\"width\":1027,\"height\":383,\"caption\":\"Observatorio | Parlacen\"},\"image\":{\"@id\":\"https:\\\/\\\/observatorio.parlacen.int\\\/#\\\/schema\\\/logo\\\/image\\\/\"}},{\"@type\":\"Person\",\"@id\":\"https:\\\/\\\/observatorio.parlacen.int\\\/#\\\/schema\\\/person\\\/3d8aa7321aa97166e2f907b69045b46d\",\"name\":\"observatorio\",\"image\":{\"@type\":\"ImageObject\",\"inLanguage\":\"en-US\",\"@id\":\"https:\\\/\\\/secure.gravatar.com\\\/avatar\\\/40f99ddd5ba83545c07af25921ed668945b0b135fb073f45af34e6496907db0e?s=96&d=mm&r=g\",\"url\":\"https:\\\/\\\/secure.gravatar.com\\\/avatar\\\/40f99ddd5ba83545c07af25921ed668945b0b135fb073f45af34e6496907db0e?s=96&d=mm&r=g\",\"contentUrl\":\"https:\\\/\\\/secure.gravatar.com\\\/avatar\\\/40f99ddd5ba83545c07af25921ed668945b0b135fb073f45af34e6496907db0e?s=96&d=mm&r=g\",\"caption\":\"observatorio\"},\"sameAs\":[\"https:\\\/\\\/observatorio.parlacen.int\"],\"url\":\"https:\\\/\\\/observatorio.parlacen.int\\\/en\\\/author\\\/observatorio\\\/\"}]}<\/script>\n<!-- \/ Yoast SEO plugin. -->","yoast_head_json":{"title":"Consejo nacional de atenci\u00f3n integral a las personas con discapacidad - Observatorio | Parlacen","robots":{"index":"index","follow":"follow","max-snippet":"max-snippet:-1","max-image-preview":"max-image-preview:large","max-video-preview":"max-video-preview:-1"},"canonical":"https:\/\/observatorio.parlacen.int\/en\/consejo-nacional-de-atencion-integral-a-las-personas-con-discapacidad\/","og_locale":"en_US","og_type":"article","og_title":"Consejo nacional de atenci\u00f3n integral a las personas con discapacidad - Observatorio | Parlacen","og_description":"Ente encargado de la reglamentacion de las leyes sobre la Discapacidad en el pais y coordinacion de las instituciones que accionan los programas de servicios a los discapacitados Contacto: Trabajo: Pol\u00edgono Industrial, Plan de La Laguna, Lote 20 Antiguo Cuscatl\u00e1n La Libertad El SalvadoTel\u00e9fono Trabajo: PBX: (503) 2511-6700FAX Trabajo: (503) 2511-6712Email Trabajo: recepcion@conaipd.gob.svP\u00e1gina web:http:\/\/www.conaipd.gob.sv\/","og_url":"https:\/\/observatorio.parlacen.int\/en\/consejo-nacional-de-atencion-integral-a-las-personas-con-discapacidad\/","og_site_name":"Observatorio | Parlacen","article_published_time":"2021-06-15T16:23:58+00:00","article_modified_time":"2021-06-16T20:33:51+00:00","og_image":[{"width":470,"height":300,"url":"https:\/\/observatorio.parlacen.int\/wp-content\/uploads\/2021\/06\/conaipd-a4061c8597a2c4673a8aeeb58ff2499d@2x.png","type":"image\/png"}],"author":"observatorio","twitter_card":"summary_large_image","twitter_misc":{"Written by":"observatorio","Est. reading time":"1 minute"},"schema":{"@context":"https:\/\/schema.org","@graph":[{"@type":"Article","@id":"https:\/\/observatorio.parlacen.int\/en\/consejo-nacional-de-atencion-integral-a-las-personas-con-discapacidad\/#article","isPartOf":{"@id":"https:\/\/observatorio.parlacen.int\/en\/consejo-nacional-de-atencion-integral-a-las-personas-con-discapacidad\/"},"author":{"name":"observatorio","@id":"https:\/\/observatorio.parlacen.int\/#\/schema\/person\/3d8aa7321aa97166e2f907b69045b46d"},"headline":"Consejo nacional de atenci\u00f3n integral a las personas con discapacidad","datePublished":"2021-06-15T16:23:58+00:00","dateModified":"2021-06-16T20:33:51+00:00","mainEntityOfPage":{"@id":"https:\/\/observatorio.parlacen.int\/en\/consejo-nacional-de-atencion-integral-a-las-personas-con-discapacidad\/"},"wordCount":78,"commentCount":0,"publisher":{"@id":"https:\/\/observatorio.parlacen.int\/#organization"},"image":{"@id":"https:\/\/observatorio.parlacen.int\/en\/consejo-nacional-de-atencion-integral-a-las-personas-con-discapacidad\/#primaryimage"},"thumbnailUrl":"https:\/\/observatorio.parlacen.int\/wp-content\/uploads\/2021\/06\/conaipd-a4061c8597a2c4673a8aeeb58ff2499d@2x.png","keywords":["El Salvador Directorio"],"articleSection":["El Salvador"],"inLanguage":"en-US","potentialAction":[{"@type":"CommentAction","name":"Comment","target":["https:\/\/observatorio.parlacen.int\/en\/consejo-nacional-de-atencion-integral-a-las-personas-con-discapacidad\/#respond"]}]},{"@type":"WebPage","@id":"https:\/\/observatorio.parlacen.int\/en\/consejo-nacional-de-atencion-integral-a-las-personas-con-discapacidad\/","url":"https:\/\/observatorio.parlacen.int\/en\/consejo-nacional-de-atencion-integral-a-las-personas-con-discapacidad\/","name":"Consejo nacional de atenci\u00f3n integral a las personas con discapacidad - Observatorio | Parlacen","isPartOf":{"@id":"https:\/\/observatorio.parlacen.int\/#website"},"primaryImageOfPage":{"@id":"https:\/\/observatorio.parlacen.int\/en\/consejo-nacional-de-atencion-integral-a-las-personas-con-discapacidad\/#primaryimage"},"image":{"@id":"https:\/\/observatorio.parlacen.int\/en\/consejo-nacional-de-atencion-integral-a-las-personas-con-discapacidad\/#primaryimage"},"thumbnailUrl":"https:\/\/observatorio.parlacen.int\/wp-content\/uploads\/2021\/06\/conaipd-a4061c8597a2c4673a8aeeb58ff2499d@2x.png","datePublished":"2021-06-15T16:23:58+00:00","dateModified":"2021-06-16T20:33:51+00:00","breadcrumb":{"@id":"https:\/\/observatorio.parlacen.int\/en\/consejo-nacional-de-atencion-integral-a-las-personas-con-discapacidad\/#breadcrumb"},"inLanguage":"en-US","potentialAction":[{"@type":"ReadAction","target":["https:\/\/observatorio.parlacen.int\/en\/consejo-nacional-de-atencion-integral-a-las-personas-con-discapacidad\/"]}]},{"@type":"ImageObject","inLanguage":"en-US","@id":"https:\/\/observatorio.parlacen.int\/en\/consejo-nacional-de-atencion-integral-a-las-personas-con-discapacidad\/#primaryimage","url":"https:\/\/observatorio.parlacen.int\/wp-content\/uploads\/2021\/06\/conaipd-a4061c8597a2c4673a8aeeb58ff2499d@2x.png","contentUrl":"https:\/\/observatorio.parlacen.int\/wp-content\/uploads\/2021\/06\/conaipd-a4061c8597a2c4673a8aeeb58ff2499d@2x.png","width":470,"height":300},{"@type":"BreadcrumbList","@id":"https:\/\/observatorio.parlacen.int\/en\/consejo-nacional-de-atencion-integral-a-las-personas-con-discapacidad\/#breadcrumb","itemListElement":[{"@type":"ListItem","position":1,"name":"Inicio","item":"https:\/\/observatorio.parlacen.int\/"},{"@type":"ListItem","position":2,"name":"Consejo nacional de atenci\u00f3n integral a las personas con discapacidad"}]},{"@type":"WebSite","@id":"https:\/\/observatorio.parlacen.int\/#website","url":"https:\/\/observatorio.parlacen.int\/","name":"Observatorio | Parlacen","description":"Observatorio Parlacen","publisher":{"@id":"https:\/\/observatorio.parlacen.int\/#organization"},"potentialAction":[{"@type":"SearchAction","target":{"@type":"EntryPoint","urlTemplate":"https:\/\/observatorio.parlacen.int\/?s={search_term_string}"},"query-input":{"@type":"PropertyValueSpecification","valueRequired":true,"valueName":"search_term_string"}}],"inLanguage":"en-US"},{"@type":"Organization","@id":"https:\/\/observatorio.parlacen.int\/#organization","name":"Observatorio | Parlacen","url":"https:\/\/observatorio.parlacen.int\/","logo":{"@type":"ImageObject","inLanguage":"en-US","@id":"https:\/\/observatorio.parlacen.int\/#\/schema\/logo\/image\/","url":"https:\/\/observatorio.parlacen.int\/wp-content\/uploads\/2022\/07\/LOGO-OBSERVATORIO.png","contentUrl":"https:\/\/observatorio.parlacen.int\/wp-content\/uploads\/2022\/07\/LOGO-OBSERVATORIO.png","width":1027,"height":383,"caption":"Observatorio | Parlacen"},"image":{"@id":"https:\/\/observatorio.parlacen.int\/#\/schema\/logo\/image\/"}},{"@type":"Person","@id":"https:\/\/observatorio.parlacen.int\/#\/schema\/person\/3d8aa7321aa97166e2f907b69045b46d","name":"observatorio","image":{"@type":"ImageObject","inLanguage":"en-US","@id":"https:\/\/secure.gravatar.com\/avatar\/40f99ddd5ba83545c07af25921ed668945b0b135fb073f45af34e6496907db0e?s=96&d=mm&r=g","url":"https:\/\/secure.gravatar.com\/avatar\/40f99ddd5ba83545c07af25921ed668945b0b135fb073f45af34e6496907db0e?s=96&d=mm&r=g","contentUrl":"https:\/\/secure.gravatar.com\/avatar\/40f99ddd5ba83545c07af25921ed668945b0b135fb073f45af34e6496907db0e?s=96&d=mm&r=g","caption":"observatorio"},"sameAs":["https:\/\/observatorio.parlacen.int"],"url":"https:\/\/observatorio.parlacen.int\/en\/author\/observatorio\/"}]}},"_links":{"self":[{"href":"https:\/\/observatorio.parlacen.int\/en\/wp-json\/wp\/v2\/posts\/500","targetHints":{"allow":["GET"]}}],"collection":[{"href":"https:\/\/observatorio.parlacen.int\/en\/wp-json\/wp\/v2\/posts"}],"about":[{"href":"https:\/\/observatorio.parlacen.int\/en\/wp-json\/wp\/v2\/types\/post"}],"author":[{"embeddable":true,"href":"https:\/\/observatorio.parlacen.int\/en\/wp-json\/wp\/v2\/users\/1"}],"replies":[{"embeddable":true,"href":"https:\/\/observatorio.parlacen.int\/en\/wp-json\/wp\/v2\/comments?post=500"}],"version-history":[{"count":2,"href":"https:\/\/observatorio.parlacen.int\/en\/wp-json\/wp\/v2\/posts\/500\/revisions"}],"predecessor-version":[{"id":617,"href":"https:\/\/observatorio.parlacen.int\/en\/wp-json\/wp\/v2\/posts\/500\/revisions\/617"}],"wp:featuredmedia":[{"embeddable":true,"href":"https:\/\/observatorio.parlacen.int\/en\/wp-json\/wp\/v2\/media\/956"}],"wp:attachment":[{"href":"https:\/\/observatorio.parlacen.int\/en\/wp-json\/wp\/v2\/media?parent=500"}],"wp:term":[{"taxonomy":"category","embeddable":true,"href":"https:\/\/observatorio.parlacen.int\/en\/wp-json\/wp\/v2\/categories?post=500"},{"taxonomy":"post_tag","embeddable":true,"href":"https:\/\/observatorio.parlacen.int\/en\/wp-json\/wp\/v2\/tags?post=500"}],"curies":[{"name":"wp","href":"https:\/\/api.w.org\/{rel}","templated":true}]}}