{"id":456,"date":"2021-06-15T15:12:01","date_gmt":"2021-06-15T15:12:01","guid":{"rendered":"http:\/\/gator2115.temp.domains\/~obserrio\/?p=456"},"modified":"2021-06-16T20:31:57","modified_gmt":"2021-06-16T20:31:57","slug":"centro-de-rehabilitacion-profesional-de-la-fuerza-armada-cerprofa","status":"publish","type":"post","link":"https:\/\/observatorio.parlacen.int\/en\/centro-de-rehabilitacion-profesional-de-la-fuerza-armada-cerprofa\/","title":{"rendered":"Centro de Rehabilitaci\u00f3n Profesional de la Fuerza Armada \u2013 CERPROFA"},"content":{"rendered":"<p>Es una unidad descentralizada del Instituto de Previsi\u00f3n Social de la Fuerza Armada, IPSFA; complementa programas de rehabilitar integral a la poblaci\u00f3n de la Fuerza Armada con discapacidad a consecuencia del conflicto armado, contribuyendo a su incorporaci\u00f3n a la vida productiva del pa\u00eds.Actualmente, CERPROFA brinda los servicios de: Fabricaci\u00f3n y reparaci\u00f3n de pr\u00f3tesis (bajo y sobre rodilla, bajo y sobre codo); Fabricaci\u00f3n y reparaci\u00f3n de \u00f3rtesis (plantillas, f\u00e9rulas); Entrega de pr\u00f3tesis oculares, aparatos auditivos, calzado ortop\u00e9dico, lentes graduados, cosm\u00e9ticos y de contacto; Entrega de sillas de ruedas, sillas para personas con cuadriplej\u00eda, muletas, bastones para personas ciegas, regletas con punzones, medias, regatones, almohadillas, vendas el\u00e1sticas, suspensi\u00f3n de neopreno, entre otros; otros tipos de ayuda por orden m\u00e9dica.<\/p>\n\n\n\n<h5 class=\"wp-block-heading\">Contacto:<\/h5>\n\n\n\n<p><strong>Trabajo:<\/strong> Alameda Roosevelt y 55 avenida norte Torre El Salvador San Salvador El Salvador<br><strong>Tel\u00e9fono Trabajo:<\/strong> (503) 2260-3366<br><strong>Email Trabajo:<\/strong> comunicaciones@ipsfa.com<br><strong>P\u00e1gina web:<\/strong><a href=\"https:\/\/ipsfa.com\/\" target=\"_blank\" rel=\"noreferrer noopener\"><u>https:\/\/ipsfa.com\/<\/u><\/a><\/p>","protected":false},"excerpt":{"rendered":"<p>Es una unidad descentralizada del Instituto de Previsi\u00f3n Social de la Fuerza Armada, IPSFA; complementa programas de rehabilitar integral a la poblaci\u00f3n de la Fuerza Armada con discapacidad a consecuencia del conflicto armado, contribuyendo a su incorporaci\u00f3n a la vida productiva del pa\u00eds.Actualmente, CERPROFA brinda los servicios de: Fabricaci\u00f3n y reparaci\u00f3n de pr\u00f3tesis (bajo y [&hellip;]<\/p>\n","protected":false},"author":1,"featured_media":955,"comment_status":"open","ping_status":"open","sticky":false,"template":"","format":"standard","meta":{"nf_dc_page":"","om_disable_all_campaigns":false,"site-sidebar-layout":"default","site-content-layout":"default","ast-site-content-layout":"default","site-content-style":"default","site-sidebar-style":"default","ast-global-header-display":"","ast-banner-title-visibility":"","ast-main-header-display":"","ast-hfb-above-header-display":"","ast-hfb-below-header-display":"","ast-hfb-mobile-header-display":"","site-post-title":"","ast-breadcrumbs-content":"","ast-featured-img":"","footer-sml-layout":"","ast-disable-related-posts":"","theme-transparent-header-meta":"default","adv-header-id-meta":"","stick-header-meta":"","header-above-stick-meta":"","header-main-stick-meta":"","header-below-stick-meta":"","astra-migrate-meta-layouts":"default","ast-page-background-enabled":"default","ast-page-background-meta":{"desktop":{"background-color":"","background-image":"","background-repeat":"repeat","background-position":"center center","background-size":"auto","background-attachment":"scroll","background-type":"","background-media":"","overlay-type":"","overlay-color":"","overlay-opacity":"","overlay-gradient":""},"tablet":{"background-color":"","background-image":"","background-repeat":"repeat","background-position":"center center","background-size":"auto","background-attachment":"scroll","background-type":"","background-media":"","overlay-type":"","overlay-color":"","overlay-opacity":"","overlay-gradient":""},"mobile":{"background-color":"","background-image":"","background-repeat":"repeat","background-position":"center center","background-size":"auto","background-attachment":"scroll","background-type":"","background-media":"","overlay-type":"","overlay-color":"","overlay-opacity":"","overlay-gradient":""}},"ast-content-background-meta":{"desktop":{"background-color":"var(--ast-global-color-5)","background-image":"","background-repeat":"repeat","background-position":"center center","background-size":"auto","background-attachment":"scroll","background-type":"","background-media":"","overlay-type":"","overlay-color":"","overlay-opacity":"","overlay-gradient":""},"tablet":{"background-color":"var(--ast-global-color-5)","background-image":"","background-repeat":"repeat","background-position":"center center","background-size":"auto","background-attachment":"scroll","background-type":"","background-media":"","overlay-type":"","overlay-color":"","overlay-opacity":"","overlay-gradient":""},"mobile":{"background-color":"var(--ast-global-color-5)","background-image":"","background-repeat":"repeat","background-position":"center center","background-size":"auto","background-attachment":"scroll","background-type":"","background-media":"","overlay-type":"","overlay-color":"","overlay-opacity":"","overlay-gradient":""}},"footnotes":""},"categories":[12],"tags":[13],"class_list":["post-456","post","type-post","status-publish","format-standard","has-post-thumbnail","hentry","category-el-salvador","tag-el-salvador-directorio"],"yoast_head":"<!-- This site is optimized with the Yoast SEO plugin v27.5 - https:\/\/yoast.com\/product\/yoast-seo-wordpress\/ -->\n<title>Centro de Rehabilitaci\u00f3n Profesional de la Fuerza Armada \u2013 CERPROFA - Observatorio | Parlacen<\/title>\n<meta name=\"robots\" content=\"index, follow, max-snippet:-1, max-image-preview:large, max-video-preview:-1\" \/>\n<link rel=\"canonical\" href=\"https:\/\/observatorio.parlacen.int\/en\/centro-de-rehabilitacion-profesional-de-la-fuerza-armada-cerprofa\/\" \/>\n<meta property=\"og:locale\" content=\"en_US\" \/>\n<meta property=\"og:type\" content=\"article\" \/>\n<meta property=\"og:title\" content=\"Centro de Rehabilitaci\u00f3n Profesional de la Fuerza Armada \u2013 CERPROFA - Observatorio | Parlacen\" \/>\n<meta property=\"og:description\" content=\"Es una unidad descentralizada del Instituto de Previsi\u00f3n Social de la Fuerza Armada, IPSFA; complementa programas de rehabilitar integral a la poblaci\u00f3n de la Fuerza Armada con discapacidad a consecuencia del conflicto armado, contribuyendo a su incorporaci\u00f3n a la vida productiva del pa\u00eds.Actualmente, CERPROFA brinda los servicios de: Fabricaci\u00f3n y reparaci\u00f3n de pr\u00f3tesis (bajo y [&hellip;]\" \/>\n<meta property=\"og:url\" content=\"https:\/\/observatorio.parlacen.int\/en\/centro-de-rehabilitacion-profesional-de-la-fuerza-armada-cerprofa\/\" \/>\n<meta property=\"og:site_name\" content=\"Observatorio | Parlacen\" \/>\n<meta property=\"article:published_time\" content=\"2021-06-15T15:12:01+00:00\" \/>\n<meta property=\"article:modified_time\" content=\"2021-06-16T20:31:57+00:00\" \/>\n<meta property=\"og:image\" content=\"https:\/\/observatorio.parlacen.int\/wp-content\/uploads\/2021\/06\/ipsfa-0d0ed587333af2625c29b0cfd8774cb3@2x.png\" \/>\n\t<meta property=\"og:image:width\" content=\"468\" \/>\n\t<meta property=\"og:image:height\" content=\"300\" \/>\n\t<meta property=\"og:image:type\" content=\"image\/png\" \/>\n<meta name=\"author\" content=\"observatorio\" \/>\n<meta name=\"twitter:card\" content=\"summary_large_image\" \/>\n<meta name=\"twitter:label1\" content=\"Written by\" \/>\n\t<meta name=\"twitter:data1\" content=\"observatorio\" \/>\n\t<meta name=\"twitter:label2\" content=\"Est. reading time\" \/>\n\t<meta name=\"twitter:data2\" content=\"1 minute\" \/>\n<script type=\"application\/ld+json\" class=\"yoast-schema-graph\">{\"@context\":\"https:\\\/\\\/schema.org\",\"@graph\":[{\"@type\":\"Article\",\"@id\":\"https:\\\/\\\/observatorio.parlacen.int\\\/en\\\/centro-de-rehabilitacion-profesional-de-la-fuerza-armada-cerprofa\\\/#article\",\"isPartOf\":{\"@id\":\"https:\\\/\\\/observatorio.parlacen.int\\\/en\\\/centro-de-rehabilitacion-profesional-de-la-fuerza-armada-cerprofa\\\/\"},\"author\":{\"name\":\"observatorio\",\"@id\":\"https:\\\/\\\/observatorio.parlacen.int\\\/#\\\/schema\\\/person\\\/3d8aa7321aa97166e2f907b69045b46d\"},\"headline\":\"Centro de Rehabilitaci\u00f3n Profesional de la Fuerza Armada \u2013 CERPROFA\",\"datePublished\":\"2021-06-15T15:12:01+00:00\",\"dateModified\":\"2021-06-16T20:31:57+00:00\",\"mainEntityOfPage\":{\"@id\":\"https:\\\/\\\/observatorio.parlacen.int\\\/en\\\/centro-de-rehabilitacion-profesional-de-la-fuerza-armada-cerprofa\\\/\"},\"wordCount\":174,\"commentCount\":0,\"publisher\":{\"@id\":\"https:\\\/\\\/observatorio.parlacen.int\\\/#organization\"},\"image\":{\"@id\":\"https:\\\/\\\/observatorio.parlacen.int\\\/en\\\/centro-de-rehabilitacion-profesional-de-la-fuerza-armada-cerprofa\\\/#primaryimage\"},\"thumbnailUrl\":\"https:\\\/\\\/observatorio.parlacen.int\\\/wp-content\\\/uploads\\\/2021\\\/06\\\/ipsfa-0d0ed587333af2625c29b0cfd8774cb3@2x.png\",\"keywords\":[\"El Salvador Directorio\"],\"articleSection\":[\"El Salvador\"],\"inLanguage\":\"en-US\",\"potentialAction\":[{\"@type\":\"CommentAction\",\"name\":\"Comment\",\"target\":[\"https:\\\/\\\/observatorio.parlacen.int\\\/en\\\/centro-de-rehabilitacion-profesional-de-la-fuerza-armada-cerprofa\\\/#respond\"]}]},{\"@type\":\"WebPage\",\"@id\":\"https:\\\/\\\/observatorio.parlacen.int\\\/en\\\/centro-de-rehabilitacion-profesional-de-la-fuerza-armada-cerprofa\\\/\",\"url\":\"https:\\\/\\\/observatorio.parlacen.int\\\/en\\\/centro-de-rehabilitacion-profesional-de-la-fuerza-armada-cerprofa\\\/\",\"name\":\"Centro de Rehabilitaci\u00f3n Profesional de la Fuerza Armada \u2013 CERPROFA - Observatorio | Parlacen\",\"isPartOf\":{\"@id\":\"https:\\\/\\\/observatorio.parlacen.int\\\/#website\"},\"primaryImageOfPage\":{\"@id\":\"https:\\\/\\\/observatorio.parlacen.int\\\/en\\\/centro-de-rehabilitacion-profesional-de-la-fuerza-armada-cerprofa\\\/#primaryimage\"},\"image\":{\"@id\":\"https:\\\/\\\/observatorio.parlacen.int\\\/en\\\/centro-de-rehabilitacion-profesional-de-la-fuerza-armada-cerprofa\\\/#primaryimage\"},\"thumbnailUrl\":\"https:\\\/\\\/observatorio.parlacen.int\\\/wp-content\\\/uploads\\\/2021\\\/06\\\/ipsfa-0d0ed587333af2625c29b0cfd8774cb3@2x.png\",\"datePublished\":\"2021-06-15T15:12:01+00:00\",\"dateModified\":\"2021-06-16T20:31:57+00:00\",\"breadcrumb\":{\"@id\":\"https:\\\/\\\/observatorio.parlacen.int\\\/en\\\/centro-de-rehabilitacion-profesional-de-la-fuerza-armada-cerprofa\\\/#breadcrumb\"},\"inLanguage\":\"en-US\",\"potentialAction\":[{\"@type\":\"ReadAction\",\"target\":[\"https:\\\/\\\/observatorio.parlacen.int\\\/en\\\/centro-de-rehabilitacion-profesional-de-la-fuerza-armada-cerprofa\\\/\"]}]},{\"@type\":\"ImageObject\",\"inLanguage\":\"en-US\",\"@id\":\"https:\\\/\\\/observatorio.parlacen.int\\\/en\\\/centro-de-rehabilitacion-profesional-de-la-fuerza-armada-cerprofa\\\/#primaryimage\",\"url\":\"https:\\\/\\\/observatorio.parlacen.int\\\/wp-content\\\/uploads\\\/2021\\\/06\\\/ipsfa-0d0ed587333af2625c29b0cfd8774cb3@2x.png\",\"contentUrl\":\"https:\\\/\\\/observatorio.parlacen.int\\\/wp-content\\\/uploads\\\/2021\\\/06\\\/ipsfa-0d0ed587333af2625c29b0cfd8774cb3@2x.png\",\"width\":468,\"height\":300},{\"@type\":\"BreadcrumbList\",\"@id\":\"https:\\\/\\\/observatorio.parlacen.int\\\/en\\\/centro-de-rehabilitacion-profesional-de-la-fuerza-armada-cerprofa\\\/#breadcrumb\",\"itemListElement\":[{\"@type\":\"ListItem\",\"position\":1,\"name\":\"Inicio\",\"item\":\"https:\\\/\\\/observatorio.parlacen.int\\\/\"},{\"@type\":\"ListItem\",\"position\":2,\"name\":\"Centro de Rehabilitaci\u00f3n Profesional de la Fuerza Armada \u2013 CERPROFA\"}]},{\"@type\":\"WebSite\",\"@id\":\"https:\\\/\\\/observatorio.parlacen.int\\\/#website\",\"url\":\"https:\\\/\\\/observatorio.parlacen.int\\\/\",\"name\":\"Observatorio | Parlacen\",\"description\":\"Observatorio Parlacen\",\"publisher\":{\"@id\":\"https:\\\/\\\/observatorio.parlacen.int\\\/#organization\"},\"potentialAction\":[{\"@type\":\"SearchAction\",\"target\":{\"@type\":\"EntryPoint\",\"urlTemplate\":\"https:\\\/\\\/observatorio.parlacen.int\\\/?s={search_term_string}\"},\"query-input\":{\"@type\":\"PropertyValueSpecification\",\"valueRequired\":true,\"valueName\":\"search_term_string\"}}],\"inLanguage\":\"en-US\"},{\"@type\":\"Organization\",\"@id\":\"https:\\\/\\\/observatorio.parlacen.int\\\/#organization\",\"name\":\"Observatorio | Parlacen\",\"url\":\"https:\\\/\\\/observatorio.parlacen.int\\\/\",\"logo\":{\"@type\":\"ImageObject\",\"inLanguage\":\"en-US\",\"@id\":\"https:\\\/\\\/observatorio.parlacen.int\\\/#\\\/schema\\\/logo\\\/image\\\/\",\"url\":\"https:\\\/\\\/observatorio.parlacen.int\\\/wp-content\\\/uploads\\\/2022\\\/07\\\/LOGO-OBSERVATORIO.png\",\"contentUrl\":\"https:\\\/\\\/observatorio.parlacen.int\\\/wp-content\\\/uploads\\\/2022\\\/07\\\/LOGO-OBSERVATORIO.png\",\"width\":1027,\"height\":383,\"caption\":\"Observatorio | Parlacen\"},\"image\":{\"@id\":\"https:\\\/\\\/observatorio.parlacen.int\\\/#\\\/schema\\\/logo\\\/image\\\/\"}},{\"@type\":\"Person\",\"@id\":\"https:\\\/\\\/observatorio.parlacen.int\\\/#\\\/schema\\\/person\\\/3d8aa7321aa97166e2f907b69045b46d\",\"name\":\"observatorio\",\"image\":{\"@type\":\"ImageObject\",\"inLanguage\":\"en-US\",\"@id\":\"https:\\\/\\\/secure.gravatar.com\\\/avatar\\\/40f99ddd5ba83545c07af25921ed668945b0b135fb073f45af34e6496907db0e?s=96&d=mm&r=g\",\"url\":\"https:\\\/\\\/secure.gravatar.com\\\/avatar\\\/40f99ddd5ba83545c07af25921ed668945b0b135fb073f45af34e6496907db0e?s=96&d=mm&r=g\",\"contentUrl\":\"https:\\\/\\\/secure.gravatar.com\\\/avatar\\\/40f99ddd5ba83545c07af25921ed668945b0b135fb073f45af34e6496907db0e?s=96&d=mm&r=g\",\"caption\":\"observatorio\"},\"sameAs\":[\"https:\\\/\\\/observatorio.parlacen.int\"],\"url\":\"https:\\\/\\\/observatorio.parlacen.int\\\/en\\\/author\\\/observatorio\\\/\"}]}<\/script>\n<!-- \/ Yoast SEO plugin. -->","yoast_head_json":{"title":"Centro de Rehabilitaci\u00f3n Profesional de la Fuerza Armada \u2013 CERPROFA - Observatorio | Parlacen","robots":{"index":"index","follow":"follow","max-snippet":"max-snippet:-1","max-image-preview":"max-image-preview:large","max-video-preview":"max-video-preview:-1"},"canonical":"https:\/\/observatorio.parlacen.int\/en\/centro-de-rehabilitacion-profesional-de-la-fuerza-armada-cerprofa\/","og_locale":"en_US","og_type":"article","og_title":"Centro de Rehabilitaci\u00f3n Profesional de la Fuerza Armada \u2013 CERPROFA - Observatorio | Parlacen","og_description":"Es una unidad descentralizada del Instituto de Previsi\u00f3n Social de la Fuerza Armada, IPSFA; complementa programas de rehabilitar integral a la poblaci\u00f3n de la Fuerza Armada con discapacidad a consecuencia del conflicto armado, contribuyendo a su incorporaci\u00f3n a la vida productiva del pa\u00eds.Actualmente, CERPROFA brinda los servicios de: Fabricaci\u00f3n y reparaci\u00f3n de pr\u00f3tesis (bajo y [&hellip;]","og_url":"https:\/\/observatorio.parlacen.int\/en\/centro-de-rehabilitacion-profesional-de-la-fuerza-armada-cerprofa\/","og_site_name":"Observatorio | Parlacen","article_published_time":"2021-06-15T15:12:01+00:00","article_modified_time":"2021-06-16T20:31:57+00:00","og_image":[{"width":468,"height":300,"url":"https:\/\/observatorio.parlacen.int\/wp-content\/uploads\/2021\/06\/ipsfa-0d0ed587333af2625c29b0cfd8774cb3@2x.png","type":"image\/png"}],"author":"observatorio","twitter_card":"summary_large_image","twitter_misc":{"Written by":"observatorio","Est. reading time":"1 minute"},"schema":{"@context":"https:\/\/schema.org","@graph":[{"@type":"Article","@id":"https:\/\/observatorio.parlacen.int\/en\/centro-de-rehabilitacion-profesional-de-la-fuerza-armada-cerprofa\/#article","isPartOf":{"@id":"https:\/\/observatorio.parlacen.int\/en\/centro-de-rehabilitacion-profesional-de-la-fuerza-armada-cerprofa\/"},"author":{"name":"observatorio","@id":"https:\/\/observatorio.parlacen.int\/#\/schema\/person\/3d8aa7321aa97166e2f907b69045b46d"},"headline":"Centro de Rehabilitaci\u00f3n Profesional de la Fuerza Armada \u2013 CERPROFA","datePublished":"2021-06-15T15:12:01+00:00","dateModified":"2021-06-16T20:31:57+00:00","mainEntityOfPage":{"@id":"https:\/\/observatorio.parlacen.int\/en\/centro-de-rehabilitacion-profesional-de-la-fuerza-armada-cerprofa\/"},"wordCount":174,"commentCount":0,"publisher":{"@id":"https:\/\/observatorio.parlacen.int\/#organization"},"image":{"@id":"https:\/\/observatorio.parlacen.int\/en\/centro-de-rehabilitacion-profesional-de-la-fuerza-armada-cerprofa\/#primaryimage"},"thumbnailUrl":"https:\/\/observatorio.parlacen.int\/wp-content\/uploads\/2021\/06\/ipsfa-0d0ed587333af2625c29b0cfd8774cb3@2x.png","keywords":["El Salvador Directorio"],"articleSection":["El Salvador"],"inLanguage":"en-US","potentialAction":[{"@type":"CommentAction","name":"Comment","target":["https:\/\/observatorio.parlacen.int\/en\/centro-de-rehabilitacion-profesional-de-la-fuerza-armada-cerprofa\/#respond"]}]},{"@type":"WebPage","@id":"https:\/\/observatorio.parlacen.int\/en\/centro-de-rehabilitacion-profesional-de-la-fuerza-armada-cerprofa\/","url":"https:\/\/observatorio.parlacen.int\/en\/centro-de-rehabilitacion-profesional-de-la-fuerza-armada-cerprofa\/","name":"Centro de Rehabilitaci\u00f3n Profesional de la Fuerza Armada \u2013 CERPROFA - Observatorio | Parlacen","isPartOf":{"@id":"https:\/\/observatorio.parlacen.int\/#website"},"primaryImageOfPage":{"@id":"https:\/\/observatorio.parlacen.int\/en\/centro-de-rehabilitacion-profesional-de-la-fuerza-armada-cerprofa\/#primaryimage"},"image":{"@id":"https:\/\/observatorio.parlacen.int\/en\/centro-de-rehabilitacion-profesional-de-la-fuerza-armada-cerprofa\/#primaryimage"},"thumbnailUrl":"https:\/\/observatorio.parlacen.int\/wp-content\/uploads\/2021\/06\/ipsfa-0d0ed587333af2625c29b0cfd8774cb3@2x.png","datePublished":"2021-06-15T15:12:01+00:00","dateModified":"2021-06-16T20:31:57+00:00","breadcrumb":{"@id":"https:\/\/observatorio.parlacen.int\/en\/centro-de-rehabilitacion-profesional-de-la-fuerza-armada-cerprofa\/#breadcrumb"},"inLanguage":"en-US","potentialAction":[{"@type":"ReadAction","target":["https:\/\/observatorio.parlacen.int\/en\/centro-de-rehabilitacion-profesional-de-la-fuerza-armada-cerprofa\/"]}]},{"@type":"ImageObject","inLanguage":"en-US","@id":"https:\/\/observatorio.parlacen.int\/en\/centro-de-rehabilitacion-profesional-de-la-fuerza-armada-cerprofa\/#primaryimage","url":"https:\/\/observatorio.parlacen.int\/wp-content\/uploads\/2021\/06\/ipsfa-0d0ed587333af2625c29b0cfd8774cb3@2x.png","contentUrl":"https:\/\/observatorio.parlacen.int\/wp-content\/uploads\/2021\/06\/ipsfa-0d0ed587333af2625c29b0cfd8774cb3@2x.png","width":468,"height":300},{"@type":"BreadcrumbList","@id":"https:\/\/observatorio.parlacen.int\/en\/centro-de-rehabilitacion-profesional-de-la-fuerza-armada-cerprofa\/#breadcrumb","itemListElement":[{"@type":"ListItem","position":1,"name":"Inicio","item":"https:\/\/observatorio.parlacen.int\/"},{"@type":"ListItem","position":2,"name":"Centro de Rehabilitaci\u00f3n Profesional de la Fuerza Armada \u2013 CERPROFA"}]},{"@type":"WebSite","@id":"https:\/\/observatorio.parlacen.int\/#website","url":"https:\/\/observatorio.parlacen.int\/","name":"Observatorio | Parlacen","description":"Observatorio Parlacen","publisher":{"@id":"https:\/\/observatorio.parlacen.int\/#organization"},"potentialAction":[{"@type":"SearchAction","target":{"@type":"EntryPoint","urlTemplate":"https:\/\/observatorio.parlacen.int\/?s={search_term_string}"},"query-input":{"@type":"PropertyValueSpecification","valueRequired":true,"valueName":"search_term_string"}}],"inLanguage":"en-US"},{"@type":"Organization","@id":"https:\/\/observatorio.parlacen.int\/#organization","name":"Observatorio | Parlacen","url":"https:\/\/observatorio.parlacen.int\/","logo":{"@type":"ImageObject","inLanguage":"en-US","@id":"https:\/\/observatorio.parlacen.int\/#\/schema\/logo\/image\/","url":"https:\/\/observatorio.parlacen.int\/wp-content\/uploads\/2022\/07\/LOGO-OBSERVATORIO.png","contentUrl":"https:\/\/observatorio.parlacen.int\/wp-content\/uploads\/2022\/07\/LOGO-OBSERVATORIO.png","width":1027,"height":383,"caption":"Observatorio | Parlacen"},"image":{"@id":"https:\/\/observatorio.parlacen.int\/#\/schema\/logo\/image\/"}},{"@type":"Person","@id":"https:\/\/observatorio.parlacen.int\/#\/schema\/person\/3d8aa7321aa97166e2f907b69045b46d","name":"observatorio","image":{"@type":"ImageObject","inLanguage":"en-US","@id":"https:\/\/secure.gravatar.com\/avatar\/40f99ddd5ba83545c07af25921ed668945b0b135fb073f45af34e6496907db0e?s=96&d=mm&r=g","url":"https:\/\/secure.gravatar.com\/avatar\/40f99ddd5ba83545c07af25921ed668945b0b135fb073f45af34e6496907db0e?s=96&d=mm&r=g","contentUrl":"https:\/\/secure.gravatar.com\/avatar\/40f99ddd5ba83545c07af25921ed668945b0b135fb073f45af34e6496907db0e?s=96&d=mm&r=g","caption":"observatorio"},"sameAs":["https:\/\/observatorio.parlacen.int"],"url":"https:\/\/observatorio.parlacen.int\/en\/author\/observatorio\/"}]}},"_links":{"self":[{"href":"https:\/\/observatorio.parlacen.int\/en\/wp-json\/wp\/v2\/posts\/456","targetHints":{"allow":["GET"]}}],"collection":[{"href":"https:\/\/observatorio.parlacen.int\/en\/wp-json\/wp\/v2\/posts"}],"about":[{"href":"https:\/\/observatorio.parlacen.int\/en\/wp-json\/wp\/v2\/types\/post"}],"author":[{"embeddable":true,"href":"https:\/\/observatorio.parlacen.int\/en\/wp-json\/wp\/v2\/users\/1"}],"replies":[{"embeddable":true,"href":"https:\/\/observatorio.parlacen.int\/en\/wp-json\/wp\/v2\/comments?post=456"}],"version-history":[{"count":2,"href":"https:\/\/observatorio.parlacen.int\/en\/wp-json\/wp\/v2\/posts\/456\/revisions"}],"predecessor-version":[{"id":618,"href":"https:\/\/observatorio.parlacen.int\/en\/wp-json\/wp\/v2\/posts\/456\/revisions\/618"}],"wp:featuredmedia":[{"embeddable":true,"href":"https:\/\/observatorio.parlacen.int\/en\/wp-json\/wp\/v2\/media\/955"}],"wp:attachment":[{"href":"https:\/\/observatorio.parlacen.int\/en\/wp-json\/wp\/v2\/media?parent=456"}],"wp:term":[{"taxonomy":"category","embeddable":true,"href":"https:\/\/observatorio.parlacen.int\/en\/wp-json\/wp\/v2\/categories?post=456"},{"taxonomy":"post_tag","embeddable":true,"href":"https:\/\/observatorio.parlacen.int\/en\/wp-json\/wp\/v2\/tags?post=456"}],"curies":[{"name":"wp","href":"https:\/\/api.w.org\/{rel}","templated":true}]}}