{"id":2385,"date":"2025-06-27T12:07:23","date_gmt":"2025-06-27T18:07:23","guid":{"rendered":"https:\/\/observatorio.parlacen.int\/?p=2385"},"modified":"2025-07-10T11:45:06","modified_gmt":"2025-07-10T17:45:06","slug":"consejo-nacional-para-la-inclusion-de-las-personas-con-discapacidadconaipd","status":"publish","type":"post","link":"https:\/\/observatorio.parlacen.int\/en\/consejo-nacional-para-la-inclusion-de-las-personas-con-discapacidadconaipd\/","title":{"rendered":"Consejo Nacional para la Inclusi\u00f3n de las Personas con Discapacidad(CONAIPD)"},"content":{"rendered":"<p><a href=\"Contacto:\">Contacto:<\/a><\/p>\n\n\n\n<p><strong>Tel\u00e9fono: <\/strong>+503 2590-5800 o<br><strong>Correo electr\u00f3nico: <\/strong>conaipd@conaipd.gob.sv o<br><strong>P\u00e1gina web:<\/strong> https:\/\/www.conaipd.gob.sv\/<br><strong>Direcci\u00f3n:<\/strong> Calle Guadalupe, No. 234, Colonia San Benito, San Salvador, El Salvador<\/p>","protected":false},"excerpt":{"rendered":"<p>Contacto: Tel\u00e9fono: +503 2590-5800 oCorreo electr\u00f3nico: conaipd@conaipd.gob.sv oP\u00e1gina web: https:\/\/www.conaipd.gob.sv\/Direcci\u00f3n: Calle Guadalupe, No. 234, Colonia San Benito, San Salvador, El Salvador<\/p>","protected":false},"author":3,"featured_media":2386,"comment_status":"open","ping_status":"open","sticky":false,"template":"","format":"standard","meta":{"nf_dc_page":"","om_disable_all_campaigns":false,"site-sidebar-layout":"default","site-content-layout":"","ast-site-content-layout":"default","site-content-style":"default","site-sidebar-style":"default","ast-global-header-display":"","ast-banner-title-visibility":"","ast-main-header-display":"","ast-hfb-above-header-display":"","ast-hfb-below-header-display":"","ast-hfb-mobile-header-display":"","site-post-title":"","ast-breadcrumbs-content":"","ast-featured-img":"","footer-sml-layout":"","ast-disable-related-posts":"","theme-transparent-header-meta":"","adv-header-id-meta":"","stick-header-meta":"","header-above-stick-meta":"","header-main-stick-meta":"","header-below-stick-meta":"","astra-migrate-meta-layouts":"set","ast-page-background-enabled":"default","ast-page-background-meta":{"desktop":{"background-color":"","background-image":"","background-repeat":"repeat","background-position":"center center","background-size":"auto","background-attachment":"scroll","background-type":"","background-media":"","overlay-type":"","overlay-color":"","overlay-opacity":"","overlay-gradient":""},"tablet":{"background-color":"","background-image":"","background-repeat":"repeat","background-position":"center center","background-size":"auto","background-attachment":"scroll","background-type":"","background-media":"","overlay-type":"","overlay-color":"","overlay-opacity":"","overlay-gradient":""},"mobile":{"background-color":"","background-image":"","background-repeat":"repeat","background-position":"center center","background-size":"auto","background-attachment":"scroll","background-type":"","background-media":"","overlay-type":"","overlay-color":"","overlay-opacity":"","overlay-gradient":""}},"ast-content-background-meta":{"desktop":{"background-color":"var(--ast-global-color-5)","background-image":"","background-repeat":"repeat","background-position":"center center","background-size":"auto","background-attachment":"scroll","background-type":"","background-media":"","overlay-type":"","overlay-color":"","overlay-opacity":"","overlay-gradient":""},"tablet":{"background-color":"var(--ast-global-color-5)","background-image":"","background-repeat":"repeat","background-position":"center center","background-size":"auto","background-attachment":"scroll","background-type":"","background-media":"","overlay-type":"","overlay-color":"","overlay-opacity":"","overlay-gradient":""},"mobile":{"background-color":"var(--ast-global-color-5)","background-image":"","background-repeat":"repeat","background-position":"center center","background-size":"auto","background-attachment":"scroll","background-type":"","background-media":"","overlay-type":"","overlay-color":"","overlay-opacity":"","overlay-gradient":""}},"footnotes":""},"categories":[12],"tags":[13],"class_list":["post-2385","post","type-post","status-publish","format-standard","has-post-thumbnail","hentry","category-el-salvador","tag-el-salvador-directorio"],"yoast_head":"<!-- This site is optimized with the Yoast SEO plugin v27.5 - https:\/\/yoast.com\/product\/yoast-seo-wordpress\/ -->\n<title>Consejo Nacional para la Inclusi\u00f3n de las Personas con Discapacidad(CONAIPD) - Observatorio | Parlacen<\/title>\n<meta name=\"robots\" content=\"index, follow, max-snippet:-1, max-image-preview:large, max-video-preview:-1\" \/>\n<link rel=\"canonical\" href=\"https:\/\/observatorio.parlacen.int\/en\/consejo-nacional-para-la-inclusion-de-las-personas-con-discapacidadconaipd\/\" \/>\n<meta property=\"og:locale\" content=\"en_US\" \/>\n<meta property=\"og:type\" content=\"article\" \/>\n<meta property=\"og:title\" content=\"Consejo Nacional para la Inclusi\u00f3n de las Personas con Discapacidad(CONAIPD) - Observatorio | Parlacen\" \/>\n<meta property=\"og:description\" content=\"Contacto: Tel\u00e9fono: +503 2590-5800 oCorreo electr\u00f3nico: conaipd@conaipd.gob.sv oP\u00e1gina web: https:\/\/www.conaipd.gob.sv\/Direcci\u00f3n: Calle Guadalupe, No. 234, Colonia San Benito, San Salvador, El Salvador\" \/>\n<meta property=\"og:url\" content=\"https:\/\/observatorio.parlacen.int\/en\/consejo-nacional-para-la-inclusion-de-las-personas-con-discapacidadconaipd\/\" \/>\n<meta property=\"og:site_name\" content=\"Observatorio | Parlacen\" \/>\n<meta property=\"article:published_time\" content=\"2025-06-27T18:07:23+00:00\" \/>\n<meta property=\"article:modified_time\" content=\"2025-07-10T17:45:06+00:00\" \/>\n<meta property=\"og:image\" content=\"https:\/\/observatorio.parlacen.int\/wp-content\/uploads\/2025\/06\/Screenshot_4.jpg\" \/>\n\t<meta property=\"og:image:width\" content=\"288\" \/>\n\t<meta property=\"og:image:height\" content=\"147\" \/>\n\t<meta property=\"og:image:type\" content=\"image\/jpeg\" \/>\n<meta name=\"author\" content=\"ANTONIO GONZALEZ\" \/>\n<meta name=\"twitter:card\" content=\"summary_large_image\" \/>\n<meta name=\"twitter:label1\" content=\"Written by\" \/>\n\t<meta name=\"twitter:data1\" content=\"ANTONIO GONZALEZ\" \/>\n\t<meta name=\"twitter:label2\" content=\"Est. reading time\" \/>\n\t<meta name=\"twitter:data2\" content=\"1 minute\" \/>\n<script type=\"application\/ld+json\" class=\"yoast-schema-graph\">{\"@context\":\"https:\\\/\\\/schema.org\",\"@graph\":[{\"@type\":\"Article\",\"@id\":\"https:\\\/\\\/observatorio.parlacen.int\\\/consejo-nacional-para-la-inclusion-de-las-personas-con-discapacidadconaipd\\\/#article\",\"isPartOf\":{\"@id\":\"https:\\\/\\\/observatorio.parlacen.int\\\/consejo-nacional-para-la-inclusion-de-las-personas-con-discapacidadconaipd\\\/\"},\"author\":{\"name\":\"ANTONIO GONZALEZ\",\"@id\":\"https:\\\/\\\/observatorio.parlacen.int\\\/#\\\/schema\\\/person\\\/834c713e736a5595fa9a999fb7c50df9\"},\"headline\":\"Consejo Nacional para la Inclusi\u00f3n de las Personas con Discapacidad(CONAIPD)\",\"datePublished\":\"2025-06-27T18:07:23+00:00\",\"dateModified\":\"2025-07-10T17:45:06+00:00\",\"mainEntityOfPage\":{\"@id\":\"https:\\\/\\\/observatorio.parlacen.int\\\/consejo-nacional-para-la-inclusion-de-las-personas-con-discapacidadconaipd\\\/\"},\"wordCount\":45,\"commentCount\":0,\"publisher\":{\"@id\":\"https:\\\/\\\/observatorio.parlacen.int\\\/#organization\"},\"image\":{\"@id\":\"https:\\\/\\\/observatorio.parlacen.int\\\/consejo-nacional-para-la-inclusion-de-las-personas-con-discapacidadconaipd\\\/#primaryimage\"},\"thumbnailUrl\":\"https:\\\/\\\/observatorio.parlacen.int\\\/wp-content\\\/uploads\\\/2025\\\/06\\\/Screenshot_4.jpg\",\"keywords\":[\"El Salvador Directorio\"],\"articleSection\":[\"El Salvador\"],\"inLanguage\":\"en-US\",\"potentialAction\":[{\"@type\":\"CommentAction\",\"name\":\"Comment\",\"target\":[\"https:\\\/\\\/observatorio.parlacen.int\\\/consejo-nacional-para-la-inclusion-de-las-personas-con-discapacidadconaipd\\\/#respond\"]}]},{\"@type\":\"WebPage\",\"@id\":\"https:\\\/\\\/observatorio.parlacen.int\\\/consejo-nacional-para-la-inclusion-de-las-personas-con-discapacidadconaipd\\\/\",\"url\":\"https:\\\/\\\/observatorio.parlacen.int\\\/consejo-nacional-para-la-inclusion-de-las-personas-con-discapacidadconaipd\\\/\",\"name\":\"Consejo Nacional para la Inclusi\u00f3n de las Personas con Discapacidad(CONAIPD) - Observatorio | Parlacen\",\"isPartOf\":{\"@id\":\"https:\\\/\\\/observatorio.parlacen.int\\\/#website\"},\"primaryImageOfPage\":{\"@id\":\"https:\\\/\\\/observatorio.parlacen.int\\\/consejo-nacional-para-la-inclusion-de-las-personas-con-discapacidadconaipd\\\/#primaryimage\"},\"image\":{\"@id\":\"https:\\\/\\\/observatorio.parlacen.int\\\/consejo-nacional-para-la-inclusion-de-las-personas-con-discapacidadconaipd\\\/#primaryimage\"},\"thumbnailUrl\":\"https:\\\/\\\/observatorio.parlacen.int\\\/wp-content\\\/uploads\\\/2025\\\/06\\\/Screenshot_4.jpg\",\"datePublished\":\"2025-06-27T18:07:23+00:00\",\"dateModified\":\"2025-07-10T17:45:06+00:00\",\"breadcrumb\":{\"@id\":\"https:\\\/\\\/observatorio.parlacen.int\\\/consejo-nacional-para-la-inclusion-de-las-personas-con-discapacidadconaipd\\\/#breadcrumb\"},\"inLanguage\":\"en-US\",\"potentialAction\":[{\"@type\":\"ReadAction\",\"target\":[\"https:\\\/\\\/observatorio.parlacen.int\\\/consejo-nacional-para-la-inclusion-de-las-personas-con-discapacidadconaipd\\\/\"]}]},{\"@type\":\"ImageObject\",\"inLanguage\":\"en-US\",\"@id\":\"https:\\\/\\\/observatorio.parlacen.int\\\/consejo-nacional-para-la-inclusion-de-las-personas-con-discapacidadconaipd\\\/#primaryimage\",\"url\":\"https:\\\/\\\/observatorio.parlacen.int\\\/wp-content\\\/uploads\\\/2025\\\/06\\\/Screenshot_4.jpg\",\"contentUrl\":\"https:\\\/\\\/observatorio.parlacen.int\\\/wp-content\\\/uploads\\\/2025\\\/06\\\/Screenshot_4.jpg\",\"width\":288,\"height\":147},{\"@type\":\"BreadcrumbList\",\"@id\":\"https:\\\/\\\/observatorio.parlacen.int\\\/consejo-nacional-para-la-inclusion-de-las-personas-con-discapacidadconaipd\\\/#breadcrumb\",\"itemListElement\":[{\"@type\":\"ListItem\",\"position\":1,\"name\":\"Inicio\",\"item\":\"https:\\\/\\\/observatorio.parlacen.int\\\/\"},{\"@type\":\"ListItem\",\"position\":2,\"name\":\"Consejo Nacional para la Inclusi\u00f3n de las Personas con Discapacidad(CONAIPD)\"}]},{\"@type\":\"WebSite\",\"@id\":\"https:\\\/\\\/observatorio.parlacen.int\\\/#website\",\"url\":\"https:\\\/\\\/observatorio.parlacen.int\\\/\",\"name\":\"Observatorio | Parlacen\",\"description\":\"Observatorio Parlacen\",\"publisher\":{\"@id\":\"https:\\\/\\\/observatorio.parlacen.int\\\/#organization\"},\"potentialAction\":[{\"@type\":\"SearchAction\",\"target\":{\"@type\":\"EntryPoint\",\"urlTemplate\":\"https:\\\/\\\/observatorio.parlacen.int\\\/?s={search_term_string}\"},\"query-input\":{\"@type\":\"PropertyValueSpecification\",\"valueRequired\":true,\"valueName\":\"search_term_string\"}}],\"inLanguage\":\"en-US\"},{\"@type\":\"Organization\",\"@id\":\"https:\\\/\\\/observatorio.parlacen.int\\\/#organization\",\"name\":\"Observatorio | Parlacen\",\"url\":\"https:\\\/\\\/observatorio.parlacen.int\\\/\",\"logo\":{\"@type\":\"ImageObject\",\"inLanguage\":\"en-US\",\"@id\":\"https:\\\/\\\/observatorio.parlacen.int\\\/#\\\/schema\\\/logo\\\/image\\\/\",\"url\":\"https:\\\/\\\/observatorio.parlacen.int\\\/wp-content\\\/uploads\\\/2022\\\/07\\\/LOGO-OBSERVATORIO.png\",\"contentUrl\":\"https:\\\/\\\/observatorio.parlacen.int\\\/wp-content\\\/uploads\\\/2022\\\/07\\\/LOGO-OBSERVATORIO.png\",\"width\":1027,\"height\":383,\"caption\":\"Observatorio | Parlacen\"},\"image\":{\"@id\":\"https:\\\/\\\/observatorio.parlacen.int\\\/#\\\/schema\\\/logo\\\/image\\\/\"}},{\"@type\":\"Person\",\"@id\":\"https:\\\/\\\/observatorio.parlacen.int\\\/#\\\/schema\\\/person\\\/834c713e736a5595fa9a999fb7c50df9\",\"name\":\"ANTONIO GONZALEZ\",\"image\":{\"@type\":\"ImageObject\",\"inLanguage\":\"en-US\",\"@id\":\"https:\\\/\\\/secure.gravatar.com\\\/avatar\\\/12c9acecb5f68fbfdfa4986ce52f4e0521fa8661536c413b989180e904fb71d3?s=96&d=mm&r=g\",\"url\":\"https:\\\/\\\/secure.gravatar.com\\\/avatar\\\/12c9acecb5f68fbfdfa4986ce52f4e0521fa8661536c413b989180e904fb71d3?s=96&d=mm&r=g\",\"contentUrl\":\"https:\\\/\\\/secure.gravatar.com\\\/avatar\\\/12c9acecb5f68fbfdfa4986ce52f4e0521fa8661536c413b989180e904fb71d3?s=96&d=mm&r=g\",\"caption\":\"ANTONIO GONZALEZ\"},\"sameAs\":[\"GUATEMALA\"],\"url\":\"https:\\\/\\\/observatorio.parlacen.int\\\/en\\\/author\\\/izeztrrebe\\\/\"}]}<\/script>\n<!-- \/ Yoast SEO plugin. -->","yoast_head_json":{"title":"Consejo Nacional para la Inclusi\u00f3n de las Personas con Discapacidad(CONAIPD) - Observatorio | Parlacen","robots":{"index":"index","follow":"follow","max-snippet":"max-snippet:-1","max-image-preview":"max-image-preview:large","max-video-preview":"max-video-preview:-1"},"canonical":"https:\/\/observatorio.parlacen.int\/en\/consejo-nacional-para-la-inclusion-de-las-personas-con-discapacidadconaipd\/","og_locale":"en_US","og_type":"article","og_title":"Consejo Nacional para la Inclusi\u00f3n de las Personas con Discapacidad(CONAIPD) - Observatorio | Parlacen","og_description":"Contacto: Tel\u00e9fono: +503 2590-5800 oCorreo electr\u00f3nico: conaipd@conaipd.gob.sv oP\u00e1gina web: https:\/\/www.conaipd.gob.sv\/Direcci\u00f3n: Calle Guadalupe, No. 234, Colonia San Benito, San Salvador, El Salvador","og_url":"https:\/\/observatorio.parlacen.int\/en\/consejo-nacional-para-la-inclusion-de-las-personas-con-discapacidadconaipd\/","og_site_name":"Observatorio | Parlacen","article_published_time":"2025-06-27T18:07:23+00:00","article_modified_time":"2025-07-10T17:45:06+00:00","og_image":[{"width":288,"height":147,"url":"https:\/\/observatorio.parlacen.int\/wp-content\/uploads\/2025\/06\/Screenshot_4.jpg","type":"image\/jpeg"}],"author":"ANTONIO GONZALEZ","twitter_card":"summary_large_image","twitter_misc":{"Written by":"ANTONIO GONZALEZ","Est. reading time":"1 minute"},"schema":{"@context":"https:\/\/schema.org","@graph":[{"@type":"Article","@id":"https:\/\/observatorio.parlacen.int\/consejo-nacional-para-la-inclusion-de-las-personas-con-discapacidadconaipd\/#article","isPartOf":{"@id":"https:\/\/observatorio.parlacen.int\/consejo-nacional-para-la-inclusion-de-las-personas-con-discapacidadconaipd\/"},"author":{"name":"ANTONIO GONZALEZ","@id":"https:\/\/observatorio.parlacen.int\/#\/schema\/person\/834c713e736a5595fa9a999fb7c50df9"},"headline":"Consejo Nacional para la Inclusi\u00f3n de las Personas con Discapacidad(CONAIPD)","datePublished":"2025-06-27T18:07:23+00:00","dateModified":"2025-07-10T17:45:06+00:00","mainEntityOfPage":{"@id":"https:\/\/observatorio.parlacen.int\/consejo-nacional-para-la-inclusion-de-las-personas-con-discapacidadconaipd\/"},"wordCount":45,"commentCount":0,"publisher":{"@id":"https:\/\/observatorio.parlacen.int\/#organization"},"image":{"@id":"https:\/\/observatorio.parlacen.int\/consejo-nacional-para-la-inclusion-de-las-personas-con-discapacidadconaipd\/#primaryimage"},"thumbnailUrl":"https:\/\/observatorio.parlacen.int\/wp-content\/uploads\/2025\/06\/Screenshot_4.jpg","keywords":["El Salvador Directorio"],"articleSection":["El Salvador"],"inLanguage":"en-US","potentialAction":[{"@type":"CommentAction","name":"Comment","target":["https:\/\/observatorio.parlacen.int\/consejo-nacional-para-la-inclusion-de-las-personas-con-discapacidadconaipd\/#respond"]}]},{"@type":"WebPage","@id":"https:\/\/observatorio.parlacen.int\/consejo-nacional-para-la-inclusion-de-las-personas-con-discapacidadconaipd\/","url":"https:\/\/observatorio.parlacen.int\/consejo-nacional-para-la-inclusion-de-las-personas-con-discapacidadconaipd\/","name":"Consejo Nacional para la Inclusi\u00f3n de las Personas con Discapacidad(CONAIPD) - Observatorio | Parlacen","isPartOf":{"@id":"https:\/\/observatorio.parlacen.int\/#website"},"primaryImageOfPage":{"@id":"https:\/\/observatorio.parlacen.int\/consejo-nacional-para-la-inclusion-de-las-personas-con-discapacidadconaipd\/#primaryimage"},"image":{"@id":"https:\/\/observatorio.parlacen.int\/consejo-nacional-para-la-inclusion-de-las-personas-con-discapacidadconaipd\/#primaryimage"},"thumbnailUrl":"https:\/\/observatorio.parlacen.int\/wp-content\/uploads\/2025\/06\/Screenshot_4.jpg","datePublished":"2025-06-27T18:07:23+00:00","dateModified":"2025-07-10T17:45:06+00:00","breadcrumb":{"@id":"https:\/\/observatorio.parlacen.int\/consejo-nacional-para-la-inclusion-de-las-personas-con-discapacidadconaipd\/#breadcrumb"},"inLanguage":"en-US","potentialAction":[{"@type":"ReadAction","target":["https:\/\/observatorio.parlacen.int\/consejo-nacional-para-la-inclusion-de-las-personas-con-discapacidadconaipd\/"]}]},{"@type":"ImageObject","inLanguage":"en-US","@id":"https:\/\/observatorio.parlacen.int\/consejo-nacional-para-la-inclusion-de-las-personas-con-discapacidadconaipd\/#primaryimage","url":"https:\/\/observatorio.parlacen.int\/wp-content\/uploads\/2025\/06\/Screenshot_4.jpg","contentUrl":"https:\/\/observatorio.parlacen.int\/wp-content\/uploads\/2025\/06\/Screenshot_4.jpg","width":288,"height":147},{"@type":"BreadcrumbList","@id":"https:\/\/observatorio.parlacen.int\/consejo-nacional-para-la-inclusion-de-las-personas-con-discapacidadconaipd\/#breadcrumb","itemListElement":[{"@type":"ListItem","position":1,"name":"Inicio","item":"https:\/\/observatorio.parlacen.int\/"},{"@type":"ListItem","position":2,"name":"Consejo Nacional para la Inclusi\u00f3n de las Personas con Discapacidad(CONAIPD)"}]},{"@type":"WebSite","@id":"https:\/\/observatorio.parlacen.int\/#website","url":"https:\/\/observatorio.parlacen.int\/","name":"Observatorio | Parlacen","description":"Observatorio Parlacen","publisher":{"@id":"https:\/\/observatorio.parlacen.int\/#organization"},"potentialAction":[{"@type":"SearchAction","target":{"@type":"EntryPoint","urlTemplate":"https:\/\/observatorio.parlacen.int\/?s={search_term_string}"},"query-input":{"@type":"PropertyValueSpecification","valueRequired":true,"valueName":"search_term_string"}}],"inLanguage":"en-US"},{"@type":"Organization","@id":"https:\/\/observatorio.parlacen.int\/#organization","name":"Observatorio | Parlacen","url":"https:\/\/observatorio.parlacen.int\/","logo":{"@type":"ImageObject","inLanguage":"en-US","@id":"https:\/\/observatorio.parlacen.int\/#\/schema\/logo\/image\/","url":"https:\/\/observatorio.parlacen.int\/wp-content\/uploads\/2022\/07\/LOGO-OBSERVATORIO.png","contentUrl":"https:\/\/observatorio.parlacen.int\/wp-content\/uploads\/2022\/07\/LOGO-OBSERVATORIO.png","width":1027,"height":383,"caption":"Observatorio | Parlacen"},"image":{"@id":"https:\/\/observatorio.parlacen.int\/#\/schema\/logo\/image\/"}},{"@type":"Person","@id":"https:\/\/observatorio.parlacen.int\/#\/schema\/person\/834c713e736a5595fa9a999fb7c50df9","name":"ANTONIO GONZALEZ","image":{"@type":"ImageObject","inLanguage":"en-US","@id":"https:\/\/secure.gravatar.com\/avatar\/12c9acecb5f68fbfdfa4986ce52f4e0521fa8661536c413b989180e904fb71d3?s=96&d=mm&r=g","url":"https:\/\/secure.gravatar.com\/avatar\/12c9acecb5f68fbfdfa4986ce52f4e0521fa8661536c413b989180e904fb71d3?s=96&d=mm&r=g","contentUrl":"https:\/\/secure.gravatar.com\/avatar\/12c9acecb5f68fbfdfa4986ce52f4e0521fa8661536c413b989180e904fb71d3?s=96&d=mm&r=g","caption":"ANTONIO GONZALEZ"},"sameAs":["GUATEMALA"],"url":"https:\/\/observatorio.parlacen.int\/en\/author\/izeztrrebe\/"}]}},"_links":{"self":[{"href":"https:\/\/observatorio.parlacen.int\/en\/wp-json\/wp\/v2\/posts\/2385","targetHints":{"allow":["GET"]}}],"collection":[{"href":"https:\/\/observatorio.parlacen.int\/en\/wp-json\/wp\/v2\/posts"}],"about":[{"href":"https:\/\/observatorio.parlacen.int\/en\/wp-json\/wp\/v2\/types\/post"}],"author":[{"embeddable":true,"href":"https:\/\/observatorio.parlacen.int\/en\/wp-json\/wp\/v2\/users\/3"}],"replies":[{"embeddable":true,"href":"https:\/\/observatorio.parlacen.int\/en\/wp-json\/wp\/v2\/comments?post=2385"}],"version-history":[{"count":3,"href":"https:\/\/observatorio.parlacen.int\/en\/wp-json\/wp\/v2\/posts\/2385\/revisions"}],"predecessor-version":[{"id":2396,"href":"https:\/\/observatorio.parlacen.int\/en\/wp-json\/wp\/v2\/posts\/2385\/revisions\/2396"}],"wp:featuredmedia":[{"embeddable":true,"href":"https:\/\/observatorio.parlacen.int\/en\/wp-json\/wp\/v2\/media\/2386"}],"wp:attachment":[{"href":"https:\/\/observatorio.parlacen.int\/en\/wp-json\/wp\/v2\/media?parent=2385"}],"wp:term":[{"taxonomy":"category","embeddable":true,"href":"https:\/\/observatorio.parlacen.int\/en\/wp-json\/wp\/v2\/categories?post=2385"},{"taxonomy":"post_tag","embeddable":true,"href":"https:\/\/observatorio.parlacen.int\/en\/wp-json\/wp\/v2\/tags?post=2385"}],"curies":[{"name":"wp","href":"https:\/\/api.w.org\/{rel}","templated":true}]}}